{"id":1140,"date":"2024-12-16T08:29:00","date_gmt":"2024-12-16T07:29:00","guid":{"rendered":"https:\/\/samhallsentreprenor.glokala.net\/2024-2025\/?p=1140"},"modified":"2024-12-16T08:37:14","modified_gmt":"2024-12-16T07:37:14","slug":"v-51-ledarskap-som-samhallsentreprenor","status":"publish","type":"post","link":"https:\/\/samhallsentreprenor.glokala.net\/2024-2025\/modul-2\/v-51-ledarskap-som-samhallsentreprenor\/","title":{"rendered":"v 51 Ledarskap som samh\u00e4llsentrepren\u00f6r"},"content":{"rendered":"\n<p class=\"has-background\" style=\"background-color:#e3e6ea\"><strong>I veckans tema<\/strong> bygger vi p\u00e5 med n\u00e5gra fler perspektiv och tankefigurer n\u00e4r det g\u00e4ller samh\u00e4llsentrepren\u00f6rens ledarskap!<br><br><strong>P\u00e5minnelse &#8211; utv\u00e4rdering av h\u00f6sten med kursen och avst\u00e4mning:<\/strong> En utv\u00e4rdering n\u00e4r vi n\u00e4rmar oss halvtid i kursen har skickats ut via mail, h\u00e4r \u00e4r \u00e4ven direktl\u00e4nken: <a href=\"https:\/\/forms.gle\/oWyaDjZTD5YBcyxA6\" target=\"_blank\" rel=\"noreferrer noopener\">https:\/\/forms.gle\/oWyaDjZTD5YBcyxA6<\/a><br>Vi hoppas du vill bidra med dina tankar om kursen s\u00e5 h\u00e4r l\u00e5ngt! Utv\u00e4rderingen \u00e4r anonym.<\/p>\n\n\n\n<h2 class=\"wp-block-heading\">Tema: Ledarskap som samh\u00e4llsentrepren\u00f6r<\/h2>\n\n\n\n<p><strong>Ta del av veckans tema &#8211; i fyra punkter!<\/strong><\/p>\n\n\n\n<ol class=\"wp-block-list\">\n<li>Se f\u00f6rel\u00e4sning fr\u00e5n August &#8221;Ledarskap som samh\u00e4llsentrepren\u00f6r?&#8221;<\/li>\n\n\n\n<li>Lyssna p\u00e5 ljudinslag kring n\u00e4tverkande &#8221;En entrepren\u00f6r \u00e4r ingen \u00f6&#8221;<\/li>\n\n\n\n<li>Se videoinslag med Simon Sinek &#8221;How great leaders inspire action&#8221;<\/li>\n\n\n\n<li>L\u00e4s utdrag 5 sidor om reflekterande praktik i studie om mediehuset Fanzingo<\/li>\n<\/ol>\n\n\n\n<h3 class=\"wp-block-heading\">1) Video \/ f\u00f6rel\u00e4sning:<\/h3>\n\n\n\n<div class=\"wp-block-file\"><a id=\"wp-block-file--media-cab46d16-5238-41b3-9a1b-3dd28f6088d8\" href=\"https:\/\/samhallsentreprenor.glokala.net\/2024-2025\/wp-content\/uploads\/2024\/12\/ledarskap_she.pdf\" target=\"_blank\" rel=\"noreferrer noopener\"><strong>Ledarskap som samh\u00e4llsentrepren\u00f6r (pdf)<\/strong><\/a><a href=\"https:\/\/samhallsentreprenor.glokala.net\/2024-2025\/wp-content\/uploads\/2024\/12\/ledarskap_she.pdf\" class=\"wp-block-file__button wp-element-button\" download aria-describedby=\"wp-block-file--media-cab46d16-5238-41b3-9a1b-3dd28f6088d8\">Ladda ner<\/a><\/div>\n\n\n\n<div style=\"height:20px\" aria-hidden=\"true\" class=\"wp-block-spacer\"><\/div>\n\n\n\n<figure class=\"wp-block-embed is-type-video is-provider-vimeo wp-block-embed-vimeo\"><div class=\"wp-block-embed__wrapper\">\n<iframe loading=\"lazy\" title=\"Ledarskap som samh\u00e4llsentrepren\u00f6r?\" src=\"https:\/\/player.vimeo.com\/video\/1037419335?h=2bee8107cc&amp;dnt=1&amp;app_id=122963\" width=\"640\" height=\"296\" frameborder=\"0\" allow=\"autoplay; fullscreen; picture-in-picture; clipboard-write\"><\/iframe>\n<\/div><\/figure>\n\n\n\n<hr class=\"wp-block-separator has-css-opacity is-style-default\"\/>\n\n\n\n<h2 class=\"wp-block-heading\">Material\/l\u00e4nkar &#8211; att lyssna, se och l\u00e4sa:<\/h2>\n\n\n\n<h3 class=\"wp-block-heading\">2) Ljudinslag kring n\u00e4tverkande:<\/h3>\n\n\n\n<p><a href=\"https:\/\/samhallsentreprenor.glokala.net\/2024-2025\/wp-content\/uploads\/2024\/12\/05_Mats_Westerberg.mp3\" target=\"_blank\" rel=\"noreferrer noopener\">\u201dEn entrepren\u00f6r \u00e4r ingen \u00f6\u201d (mp3)<\/a>. Inspelning kring n\u00e4tverkande med Mats Westerberg, forskare i entrepren\u00f6rskap vid Lule\u00e5 tekniska universitet.<\/p>\n\n\n\n<figure class=\"wp-block-audio\"><audio controls src=\"https:\/\/samhallsentreprenor.glokala.net\/2024-2025\/wp-content\/uploads\/2024\/12\/05_Mats_Westerberg.mp3\"><\/audio><\/figure>\n\n\n\n<div style=\"height:20px\" aria-hidden=\"true\" class=\"wp-block-spacer\"><\/div>\n\n\n\n<h3 class=\"wp-block-heading\">3) Video, Simon Sinek: <a rel=\"noreferrer noopener\" href=\"https:\/\/www.ted.com\/talks\/simon_sinek_how_great_leaders_inspire_action?language=sv\" target=\"_blank\">\u201dHow great leaders inspire action\u201d<\/a><\/h3>\n\n\n\n<div style=\"max-width:1024px\"><div style=\"position:relative;height:0;padding-bottom:56.25%\"><iframe loading=\"lazy\" src=\"https:\/\/embed.ted.com\/talks\/simon_sinek_how_great_leaders_inspire_action?subtitle=en\" width=\"1024px\" height=\"576px\" title=\"How great leaders inspire action\" style=\"position:absolute;left:0;top:0;width:100%;height:100%\"  frameborder=\"0\" scrolling=\"no\" allowfullscreen onload=\"window.parent.postMessage('iframeLoaded', 'https:\/\/embed.ted.com')\"><\/iframe><\/div><\/div>\n\n\n\n<div style=\"height:30px\" aria-hidden=\"true\" class=\"wp-block-spacer\"><\/div>\n\n\n\n<h3 class=\"wp-block-heading\">4) Att l\u00e4sa: Kapitel 6, s. 70-75 i <a rel=\"noreferrer noopener\" href=\"https:\/\/samhallsentreprenor.glokala.net\/2022-2023\/wp-content\/uploads\/2022\/12\/Fanzingo.pdf\" target=\"_blank\">Fanzingo \u2013 Entrepren\u00f6r i samh\u00e4llsf\u00f6r\u00e4ndringsarbete: Fr\u00e5n krigare till barnmorska (pdf)<\/a><\/h3>\n\n\n\n<p><em>Anneline Sander &amp; Thomas Jordan<\/em>, 2011.<br><strong>Om reflekterande praktik,<\/strong> kapitel 6, s. 70-75.&nbsp;Introduktion till mediehuset <a rel=\"noreferrer noopener\" href=\"http:\/\/fanzingo.se\/\" target=\"_blank\">Fanzingo<\/a> ges i kapitel 1.3 \u201dFanzingo som samh\u00e4llsentrepren\u00f6r\u201d, s. 3.<\/p>\n\n\n\n<p class=\"has-black-color has-text-color has-background\" style=\"background-color:#f5f6f7\"><strong>Kommentarer till veckans material, eller fr\u00e5gor?<\/strong> Kommentera g\u00e4rna h\u00e4r p\u00e5 sidan eller <a href=\"https:\/\/samhallsentreprenor.glokala.net\/2024-2025\/forums\/kursforum-gemensamt\/\" data-type=\"link\" data-id=\"https:\/\/samhallsentreprenor.glokala.net\/2024-2025\/forums\/kursforum-gemensamt\/\">starta en tr\u00e5d i kursforumet<\/a>!<\/p>\n\n\n\n<hr class=\"wp-block-separator has-css-opacity is-style-default\"\/>\n\n\n\n<h2 class=\"wp-block-heading\">F\u00f6rdjupning<\/h2>\n\n\n\n<h3 class=\"wp-block-heading\">Artikel: <a rel=\"noreferrer noopener\" href=\"https:\/\/ssir.org\/articles\/entry\/tackling_heropreneurship\" target=\"_blank\">\u201cTackling Heropreneurship\u201d<\/a> (Daniela Papi-Thornton)<\/h3>\n\n\n\n<figure class=\"wp-block-image\"><img decoding=\"async\" src=\"https:\/\/samhallsentreprenor.glokala.net\/2018-2019\/wp-content\/uploads\/2018\/12\/tackling-heropreneurship-hero-500x400.jpeg\" alt=\"\" class=\"wp-image-767\"\/><\/figure>\n\n\n\n<div style=\"height:31px\" aria-hidden=\"true\" class=\"wp-block-spacer\"><\/div>\n\n\n\n<h3 class=\"wp-block-heading\">L\u00e4stips \u2013 b\u00f6cker:<\/h3>\n\n\n\n<ul class=\"wp-block-list\">\n<li>Moraeus, Lisa, <em><a rel=\"noreferrer noopener\" href=\"http:\/\/www.lisamoraeus.se\/brinna\/\" target=\"_blank\">Brinna!: att g\u00f6ra skillnad som ledare i en ideell organisation<\/a>.<\/em> Stockholm: Room for us, 2012<\/li>\n\n\n\n<li>Iwarsson, Anna,<a rel=\"noreferrer noopener\" href=\"http:\/\/idealistas.se\/bocker\/ram-och-kram\/\" target=\"_blank\"><em> Ram och Kram: ledarskapets betydelse f\u00f6r organisationskulturen<\/em><\/a>. Stockholm: Idealistas f\u00f6rlag, 2015<\/li>\n\n\n\n<li>Praszkier, Ryszard, <em><a href=\"http:\/\/libris.kb.se\/bib\/22546748\" target=\"_blank\" rel=\"noreferrer noopener\">Empowering leadership of tomorrow<\/a><\/em>. Cambridge: Cambridge University Press, 2018<\/li>\n<\/ul>\n","protected":false},"excerpt":{"rendered":"<p>I veckans tema bygger vi p\u00e5 med n\u00e5gra fler perspektiv och tankefigurer n\u00e4r det g\u00e4ller samh\u00e4llsentrepren\u00f6rens ledarskap! P\u00e5minnelse &#8211; utv\u00e4rdering av h\u00f6sten med kursen och&hellip;<\/p>\n","protected":false},"author":1,"featured_media":1143,"comment_status":"open","ping_status":"closed","sticky":false,"template":"","format":"standard","meta":{"footnotes":""},"categories":[36],"tags":[],"class_list":["post-1140","post","type-post","status-publish","format-standard","has-post-thumbnail","hentry","category-modul-2"],"_links":{"self":[{"href":"https:\/\/samhallsentreprenor.glokala.net\/2024-2025\/wp-json\/wp\/v2\/posts\/1140","targetHints":{"allow":["GET"]}}],"collection":[{"href":"https:\/\/samhallsentreprenor.glokala.net\/2024-2025\/wp-json\/wp\/v2\/posts"}],"about":[{"href":"https:\/\/samhallsentreprenor.glokala.net\/2024-2025\/wp-json\/wp\/v2\/types\/post"}],"author":[{"embeddable":true,"href":"https:\/\/samhallsentreprenor.glokala.net\/2024-2025\/wp-json\/wp\/v2\/users\/1"}],"replies":[{"embeddable":true,"href":"https:\/\/samhallsentreprenor.glokala.net\/2024-2025\/wp-json\/wp\/v2\/comments?post=1140"}],"version-history":[{"count":5,"href":"https:\/\/samhallsentreprenor.glokala.net\/2024-2025\/wp-json\/wp\/v2\/posts\/1140\/revisions"}],"predecessor-version":[{"id":1204,"href":"https:\/\/samhallsentreprenor.glokala.net\/2024-2025\/wp-json\/wp\/v2\/posts\/1140\/revisions\/1204"}],"wp:featuredmedia":[{"embeddable":true,"href":"https:\/\/samhallsentreprenor.glokala.net\/2024-2025\/wp-json\/wp\/v2\/media\/1143"}],"wp:attachment":[{"href":"https:\/\/samhallsentreprenor.glokala.net\/2024-2025\/wp-json\/wp\/v2\/media?parent=1140"}],"wp:term":[{"taxonomy":"category","embeddable":true,"href":"https:\/\/samhallsentreprenor.glokala.net\/2024-2025\/wp-json\/wp\/v2\/categories?post=1140"},{"taxonomy":"post_tag","embeddable":true,"href":"https:\/\/samhallsentreprenor.glokala.net\/2024-2025\/wp-json\/wp\/v2\/tags?post=1140"}],"curies":[{"name":"wp","href":"https:\/\/api.w.org\/{rel}","templated":true}]}}