{"id":1284,"date":"2025-01-15T10:25:28","date_gmt":"2025-01-15T09:25:28","guid":{"rendered":"https:\/\/samhallsentreprenor.glokala.net\/2024-2025\/?p=1284"},"modified":"2025-03-17T10:08:48","modified_gmt":"2025-03-17T09:08:48","slug":"modul-3-oversikt-studiematerial","status":"publish","type":"post","link":"https:\/\/samhallsentreprenor.glokala.net\/2024-2025\/modul-3\/modul-3-oversikt-studiematerial\/","title":{"rendered":"Modul 3 \u2013 \u00f6versikt &amp; studiematerial"},"content":{"rendered":"\n<p><strong>Tidsperiod f\u00f6r modul 3:<\/strong> 20 januari \u2013 23 mars<\/p>\n\n\n\n<h3 class=\"wp-block-heading\" id=\"innehall-under-modulen\">Inneh\u00e5ll under modulen:<\/h3>\n\n\n\n<p><strong>Ekonomi och finansiering<\/strong><br>Det kan tyckas paradoxalt, men trots att det handlar om verksamhet som saknar personligt vinstintresse m\u00e5ste man \u00e4gna stort intresse \u00e5t ekonomiska fr\u00e5gor. Skillnaden \u00e4r naturligtvis att man har annat fokus \u00e4n i en vinstdrivande verksamhet, och \u00e4ven andra m\u00f6jligheter. Men utan en ordentlig budget l\u00e4r man inte f\u00e5 igenom en projektans\u00f6kan och om man inte tagit med alla kostnader i sin offert, kanske man inte kan genomf\u00f6ra det hela som man t\u00e4nkt. I det h\u00e4r momentet tittar vi \u00e4ven p\u00e5 nya innovativa initiativ f\u00f6r en mer h\u00e5llbar ekonomi.<\/p>\n\n\n\n<p><strong>F\u00e5nga intresset<\/strong><br>Vi tittar p\u00e5 hur man kan kommunicera f\u00f6r att p\u00e5 b\u00e4sta s\u00e4tt f\u00f6rmedla sin vision, och f\u00f6rdjupar oss \u00e4ven i strategiskt arbete med sociala medier.<\/p>\n\n\n\n<h4 class=\"wp-block-heading\" id=\"modulens-veckoteman\">Modulens veckoteman<\/h4>\n\n\n\n<figure class=\"wp-block-table\"><table class=\"has-white-background-color has-background\"><tbody><tr><td><em>Veckoteman januari\/februari<\/em><\/td><\/tr><tr><td><a href=\"https:\/\/samhallsentreprenor.glokala.net\/2024-2025\/modul-3\/v-4-start-for-modul-3\/\" data-type=\"post\" data-id=\"1327\">v 4 Introduktion till modul 3<\/a><br><br>Inl\u00e4mning 20 januari f\u00f6r <a href=\"https:\/\/samhallsentreprenor.glokala.net\/2024-2025\/modul-2\/uppgift-5-exempel-pa-organisering\/\" data-type=\"post\" data-id=\"1009\">uppgift 5, Exempel p\u00e5 organisering<\/a>.<br>Tid f\u00f6r kommentarer till varandra, uppgift 5: Samtal online 29 januari, alternativt skriftliga kommentarer.<\/td><\/tr><tr><td><a href=\"https:\/\/samhallsentreprenor.glokala.net\/2024-2025\/modul-3\/v-5-att-vacka-intresse-uppgift-6-pitch\/\" data-type=\"post\" data-id=\"1402\">v 5 F\u00e5nga intresset<\/a><br><br><a href=\"https:\/\/samhallsentreprenor.glokala.net\/2024-2025\/modul-3\/v-5-att-vacka-intresse-uppgift-6-pitch\/\" data-type=\"post\" data-id=\"1402\">Uppgift 6: Pitch!<\/a> Inl\u00e4mning 10 februari. Respons i samtal online 13 februari alternativ skriftliga kommentarer.<\/td><\/tr><tr><td><a href=\"https:\/\/samhallsentreprenor.glokala.net\/2024-2025\/modul-3\/kurstraff-3-4-februari-i-malmo\/\" data-type=\"post\" data-id=\"1074\">v 6 Kurstr\u00e4ff 3-4 februari i Malm\u00f6<\/a><br>M\u00e5ndag 3 februari 13:00 \u2013 17:00<br>Tisdag 4 februari 09:00 \u2013 15:30<\/td><\/tr><tr><td><a href=\"https:\/\/samhallsentreprenor.glokala.net\/2024-2025\/modul-3\/v-7-resurser-for-samhallsentreprenorskap\/\" data-type=\"post\" data-id=\"1481\">v 7 Resurser f\u00f6r samh\u00e4llsentrepren\u00f6rskap<\/a><br><br>M\u00e5ndag 10 februari 18:00-19:30: Live-f\u00f6rel\u00e4sning om resurser med Fredrik Bj\u00f6rk via Zoom.<br>Zoom-l\u00e4nk, delta via: <a href=\"https:\/\/us02web.zoom.us\/j\/87850883036?pwd=Z2hUVVZ5K3daMXdOakgyWU1yZjhUQT09\" target=\"_blank\" rel=\"noreferrer noopener\">https:\/\/us02web.zoom.us\/j\/87850883036?pwd=Z2hUVVZ5K3daMXdOakgyWU1yZjhUQT09<\/a><br>(F\u00f6rel\u00e4sningen kommer \u00e4ven att spelas in f\u00f6r er som inte kan delta live)<\/td><\/tr><tr><td><a href=\"https:\/\/samhallsentreprenor.glokala.net\/2024-2025\/modul-3\/v-8-soka-finansiering-for-projekt-projektbudget\/\" data-type=\"post\" data-id=\"1547\">v 8 S\u00f6ka finansiering f\u00f6r projekt, projektbudget<\/a><\/td><\/tr><tr><td><a href=\"https:\/\/samhallsentreprenor.glokala.net\/2024-2025\/modul-3\/v-9-deltagande-lokal-ekonomi-uppgift-7\/\" data-type=\"post\" data-id=\"1623\">v 9 Deltagande och lokal ekonomi<\/a><br><br><a href=\"https:\/\/samhallsentreprenor.glokala.net\/2024-2025\/modul-3\/uppgift-7-strategier-for-finansiering-och-hallbar-ekonomi\/\">Uppgift 7: Strategier f\u00f6r finansiering &amp; h\u00e5llbar ekonomi<\/a>. Inl\u00e4mning 17 mars. Kommentarer fr\u00e5n pedagog.<\/td><\/tr><tr><td><em>Veckoteman mars<\/em><\/td><\/tr><tr><td><a href=\"https:\/\/samhallsentreprenor.glokala.net\/2024-2025\/modul-3\/v-10-tid-for-uppgift-7-aktuella-perspektiv\/\" data-type=\"post\" data-id=\"1670\">v 10 Tid f\u00f6r uppgift 7 + aktuella perspektiv<\/a><\/td><\/tr><tr><td><a href=\"https:\/\/samhallsentreprenor.glokala.net\/2024-2025\/modul-3\/v-11-arbeta-med-kommunikation-sociala-medier\/\" data-type=\"post\" data-id=\"1699\">v 11 Arbeta med kommunikation &amp; sociala medier<\/a><\/td><\/tr><tr><td><a href=\"https:\/\/samhallsentreprenor.glokala.net\/2024-2025\/modul-3\/v-12-arbeta-med-kommunikation-sociala-medier-del-2-uppgift-8\/\" data-type=\"post\" data-id=\"1775\">v 12 Arbeta med kommunikation &amp; sociala medier del 2<\/a><br><br><a href=\"https:\/\/samhallsentreprenor.glokala.net\/2024-2025\/modul-3\/v-12-arbeta-med-kommunikation-sociala-medier-del-2-uppgift-8\/\" data-type=\"post\" data-id=\"1775\">Uppgift 8: Kommunikations- och publiceringsplan<\/a>. Inl\u00e4mning 31 mars. Respons i samtal online, alternativ skriftligt f\u00f6r de som inte kan delta i samtal.<\/td><\/tr><\/tbody><\/table><\/figure>\n\n\n\n<h4 class=\"wp-block-heading\" id=\"uppgifter\">Uppgifter<\/h4>\n\n\n\n<p>Under modul 3 genomf\u00f6r du uppgift 6, 7 och 8. Ut\u00f6ver inl\u00e4mningsuppgifterna reflekterar du \u00f6ver kursmaterialet (texter, videor, poddinspelningar) och kommenterar p\u00e5 inl\u00e4mningsuppgifter fr\u00e5n andra i kursen.<\/p>\n\n\n\n<p><strong>Uppsamlingsdatum<\/strong> f\u00f6r att komplettera uppgifterna under modul 3: 21 april.<\/p>\n\n\n\n<hr class=\"wp-block-separator has-alpha-channel-opacity\"\/>\n\n\n\n<h2 class=\"wp-block-heading\">Studiematerial<\/h2>\n\n\n\n<p>H\u00e4r hittar du det studiematerial i text som vi kommer att anv\u00e4nda och tips p\u00e5 f\u00f6rdjupningsl\u00e4sning. L\u00e4sanvisningar ges respektive vecka. Vi kommer \u00e4ven anv\u00e4nda material i ljud och video, det presenteras under respektive veckotema.<\/p>\n\n\n\n<p>I samband med teman\/f\u00f6rel\u00e4sningar kommer l\u00e4sanvisningar att anges.<\/p>\n\n\n\n<h4 class=\"wp-block-heading\">B\u00f6cker \/ artiklar:<\/h4>\n\n\n\n<p><a href=\"https:\/\/idealistas.se\/kurage\/2018\/08\/27\/crowdfundring-grassroots-funding-for-grassroots-organisations\/\" target=\"_blank\" rel=\"noreferrer noopener\">\u201cCrowdfundring: Grassroots funding for grassroots organisations?\u201d<\/a><br>Kristian Roed Nielsen, Kurage, 2018.<\/p>\n\n\n\n<p><a href=\"https:\/\/www.helasverige.se\/wp-content\/uploads\/2022\/03\/handbok_2015.laett_.pdf\" target=\"_blank\" rel=\"noreferrer noopener\">\u201dNya handboken i lokal finansiering\u201d<\/a> (2015)<br>Fr\u00e5n Hela Sverige ska leva!<\/p>\n\n\n\n<p><a href=\"https:\/\/www.seedsforchange.org.uk\/downloads\/funding.pdf\" data-type=\"link\" data-id=\"https:\/\/www.seedsforchange.org.uk\/downloads\/funding.pdf\" target=\"_blank\" rel=\"noreferrer noopener\">\u201dFundraising for activists\u201d<\/a><br>Fr\u00e5n <a href=\"http:\/\/www.seedsforchange.org.uk\/resources\" target=\"_blank\" rel=\"noreferrer noopener\">Seeds for Change<\/a>.<\/p>\n\n\n\n<p><a href=\"https:\/\/samhallsentreprenor.glokala.net\/fordjupning\/wp-content\/uploads\/2020\/11\/Handbok-Att-lyckas-med-finansieringen.pdf\" target=\"_blank\" rel=\"noreferrer noopener\">Handbok \u2013 Att lyckas med finansieringen \u2013 pdf<\/a><br>Praktisk guide f\u00f6r sociala entrepren\u00f6rer (CSES, 2013)<\/p>\n\n\n\n<p><a href=\"https:\/\/socialinnovation.se\/wp-content\/uploads\/2024\/04\/Rapport-finansiering-av-social-innovation_final.pdf\" data-type=\"link\" data-id=\"https:\/\/socialinnovation.se\/wp-content\/uploads\/2024\/04\/Rapport-finansiering-av-social-innovation_final.pdf\">Finansiering av social innovation \u2013 en \u00f6versikt (pdf)<\/a><br>2024, M\u00f6tesplats Social Innovation \/ Malin Lindberg<\/p>\n\n\n\n<p><a href=\"http:\/\/libris.kb.se\/bib\/3lmxksnz1vnzlb7n\" data-type=\"link\" data-id=\"http:\/\/libris.kb.se\/bib\/3lmxksnz1vnzlb7n\" target=\"_blank\" rel=\"noreferrer noopener\">Mellan dr\u00f6mmen och slitet &#8211; en bok om opinionsbildning och p\u00e5verkansarbete<\/a><br>Silvia Kakembo, 2024<\/p>\n\n\n\n<h4 class=\"wp-block-heading\">Tips p\u00e5 f\u00f6rdjupningstexter \/ b\u00f6cker (f\u00f6r den som vill g\u00e5 ett steg l\u00e4ngre):<\/h4>\n\n\n\n<p><a href=\"https:\/\/kulturanalys.se\/publikation\/jakten-pa-medborgarfinansiering-en-omvarldsanalys-av-crowdfunding\/\" target=\"_blank\" rel=\"noreferrer noopener\">\u201dJakten p\u00e5 medborgarfinansiering: en omv\u00e4rldsanalys av crowdfunding\u201d<\/a> (2013)<\/p>\n\n\n\n<p><a href=\"https:\/\/socialinnovation.se\/publications\/abc-i-social-innovation-2012\/\" target=\"_blank\" rel=\"noreferrer noopener\">\u201dABC i social innovation och finansiering\u201d (pdf)<\/a><br>Fr\u00e5n M\u00f6tesplats social innovation (2012)<\/p>\n\n\n\n<p><a href=\"https:\/\/www.helasverige.se\/wp-content\/uploads\/2022\/03\/lokap_2012_low.pdf\" target=\"_blank\" rel=\"noreferrer noopener\">\u201dLokal finansiering \u2013 S\u00e5 gjorde vi\u201d<\/a> (2012)<br>Fr\u00e5n Hela Sverige ska leva.<\/p>\n\n\n\n<p><a href=\"https:\/\/svenskarnaochinternet.se\/rapporter\/svenskarna-och-internet-2024\/\" data-type=\"link\" data-id=\"https:\/\/svenskarnaochinternet.se\/rapporter\/svenskarna-och-internet-2024\/\">\u201cSvenskarna och internet 2024\u201d<\/a> (2024)<br>Rapport, Internetstiftelsen<\/p>\n\n\n\n<p>\u201c<a href=\"http:\/\/idealistas.se\/utgivet\/gilla\/\"><em>Gilla! \u2013 dela engagemang, passion och id\u00e9er via sociala medier<\/em><\/a>\u201d<br>Brit Stakston, 2016 (4 upplagan). Idealistas f\u00f6rlag. L\u00e4nk till <a href=\"http:\/\/libris.kb.se\/bib\/19793098?tab1=vers\" target=\"_blank\" rel=\"noreferrer noopener\">libris.kb.se<\/a><\/p>\n\n\n\n<p><em>Westanders pr-handbok 202<\/em>5. <a href=\"http:\/\/www.westander.se\/pr-handboken\/ladda-ner-pr-handboken\/\" target=\"_blank\" rel=\"noreferrer noopener\">L\u00e4nk till nedladdningssida \u2013 westander.se<\/a><\/p>\n\n\n\n<p><a href=\"https:\/\/www.fremia.se\/api\/v1\/documents\/download?documentId=PRFR-24689334-46&amp;libType=Public\" data-type=\"link\" data-id=\"https:\/\/www.fremia.se\/api\/v1\/documents\/download?documentId=PRFR-24689334-46&amp;libType=Public\">\u201cEtt Sverige d\u00e4r anst\u00e4llda \u00e4ger\u201d<\/a> (2018)<br>Sophie Nachemson-Ekwall, Global Utmaning<\/p>\n\n\n\n<figure class=\"wp-block-image size-full\"><img decoding=\"async\" src=\"https:\/\/samhallsentreprenor.glokala.net\/2022-2023\/wp-content\/uploads\/2023\/01\/photo-1024x768-1.jpg\" alt=\"\" class=\"wp-image-1687\"\/><\/figure>\n","protected":false},"excerpt":{"rendered":"<p>Tidsperiod f\u00f6r modul 3: 20 januari \u2013 23 mars Inneh\u00e5ll under modulen: Ekonomi och finansieringDet kan tyckas paradoxalt, men trots att det handlar om verksamhet&hellip;<\/p>\n","protected":false},"author":1,"featured_media":1285,"comment_status":"open","ping_status":"closed","sticky":false,"template":"","format":"standard","meta":{"footnotes":""},"categories":[37],"tags":[],"class_list":["post-1284","post","type-post","status-publish","format-standard","has-post-thumbnail","hentry","category-modul-3"],"_links":{"self":[{"href":"https:\/\/samhallsentreprenor.glokala.net\/2024-2025\/wp-json\/wp\/v2\/posts\/1284","targetHints":{"allow":["GET"]}}],"collection":[{"href":"https:\/\/samhallsentreprenor.glokala.net\/2024-2025\/wp-json\/wp\/v2\/posts"}],"about":[{"href":"https:\/\/samhallsentreprenor.glokala.net\/2024-2025\/wp-json\/wp\/v2\/types\/post"}],"author":[{"embeddable":true,"href":"https:\/\/samhallsentreprenor.glokala.net\/2024-2025\/wp-json\/wp\/v2\/users\/1"}],"replies":[{"embeddable":true,"href":"https:\/\/samhallsentreprenor.glokala.net\/2024-2025\/wp-json\/wp\/v2\/comments?post=1284"}],"version-history":[{"count":17,"href":"https:\/\/samhallsentreprenor.glokala.net\/2024-2025\/wp-json\/wp\/v2\/posts\/1284\/revisions"}],"predecessor-version":[{"id":1800,"href":"https:\/\/samhallsentreprenor.glokala.net\/2024-2025\/wp-json\/wp\/v2\/posts\/1284\/revisions\/1800"}],"wp:featuredmedia":[{"embeddable":true,"href":"https:\/\/samhallsentreprenor.glokala.net\/2024-2025\/wp-json\/wp\/v2\/media\/1285"}],"wp:attachment":[{"href":"https:\/\/samhallsentreprenor.glokala.net\/2024-2025\/wp-json\/wp\/v2\/media?parent=1284"}],"wp:term":[{"taxonomy":"category","embeddable":true,"href":"https:\/\/samhallsentreprenor.glokala.net\/2024-2025\/wp-json\/wp\/v2\/categories?post=1284"},{"taxonomy":"post_tag","embeddable":true,"href":"https:\/\/samhallsentreprenor.glokala.net\/2024-2025\/wp-json\/wp\/v2\/tags?post=1284"}],"curies":[{"name":"wp","href":"https:\/\/api.w.org\/{rel}","templated":true}]}}