{"id":1775,"date":"2025-03-17T10:00:29","date_gmt":"2025-03-17T09:00:29","guid":{"rendered":"https:\/\/samhallsentreprenor.glokala.net\/2024-2025\/?p=1775"},"modified":"2025-03-17T10:16:23","modified_gmt":"2025-03-17T09:16:23","slug":"v-12-arbeta-med-kommunikation-sociala-medier-del-2-uppgift-8","status":"publish","type":"post","link":"https:\/\/samhallsentreprenor.glokala.net\/2024-2025\/modul-3\/v-12-arbeta-med-kommunikation-sociala-medier-del-2-uppgift-8\/","title":{"rendered":"v 12 Arbeta med kommunikation &amp; sociala medier del 2 + uppgift 8"},"content":{"rendered":"\n<p class=\"has-background\" style=\"background-color:#e5ebef\"><strong>Den h\u00e4r veckan<\/strong> g\u00e5r vi in p\u00e5 det konkreta arbetet med att planera f\u00f6r kommunikation och inneh\u00e5ll i sociala medier.<br><br><strong>Kursens n\u00e4sta uppgift<\/strong> knyter ocks\u00e5 an direkt till detta: Uppgift 8 &#8221;Kommunikationsplan och publiceringsplan&#8221;. Inl\u00e4mning 31 mars. L\u00e4s mer om uppgiften nedan.<br><br><strong>+ Tid f\u00f6r inl\u00e4mning 17 mars: <\/strong><a href=\"https:\/\/samhallsentreprenor.glokala.net\/2024-2025\/modul-3\/uppgift-7-strategier-for-finansiering-och-hallbar-ekonomi\/\" target=\"_blank\" rel=\"noreferrer noopener\">Uppgift 7, Strategier f\u00f6r finansiering &amp; h\u00e5llbar ekonomi<\/a>. H\u00f6r g\u00e4rna av dig till August om du har n\u00e5gon fr\u00e5ga eller fundering kring uppgiften!<\/p>\n\n\n\n<p class=\"wp-embed-aspect-16-9 wp-has-aspect-ratio\"><strong>Nu sprider vi ordet lite mer aktivt p\u00e5 Glokala om h\u00f6stens kursstart &#8211; <a href=\"https:\/\/www.instagram.com\/samhallsentreprenorglokala\/reel\/DHJAMm2CVON\/\" data-type=\"link\" data-id=\"https:\/\/www.instagram.com\/samhallsentreprenorglokala\/reel\/DHJAMm2CVON\/\" target=\"_blank\" rel=\"noreferrer noopener\">ett exempel h\u00e4r om Samh\u00e4llsentrepren\u00f6r<\/a>!<\/strong><\/p>\n\n\n\n<blockquote class=\"instagram-media\" data-instgrm-captioned data-instgrm-permalink=\"https:\/\/www.instagram.com\/reel\/DHJAMm2CVON\/?utm_source=ig_embed&amp;utm_campaign=loading\" data-instgrm-version=\"14\" style=\" background:#FFF; border:0; border-radius:3px; box-shadow:0 0 1px 0 rgba(0,0,0,0.5),0 1px 10px 0 rgba(0,0,0,0.15); margin: 1px; max-width:540px; min-width:326px; padding:0; width:99.375%; width:-webkit-calc(100% - 2px); width:calc(100% - 2px);\"><div style=\"padding:16px;\"> <a href=\"https:\/\/www.instagram.com\/reel\/DHJAMm2CVON\/?utm_source=ig_embed&amp;utm_campaign=loading\" style=\" background:#FFFFFF; line-height:0; padding:0 0; text-align:center; text-decoration:none; width:100%;\" target=\"_blank\"> <div style=\" display: flex; flex-direction: row; align-items: center;\"> <div style=\"background-color: #F4F4F4; border-radius: 50%; flex-grow: 0; height: 40px; margin-right: 14px; width: 40px;\"><\/div> <div style=\"display: flex; flex-direction: column; flex-grow: 1; justify-content: center;\"> <div style=\" background-color: #F4F4F4; border-radius: 4px; flex-grow: 0; height: 14px; margin-bottom: 6px; width: 100px;\"><\/div> <div style=\" background-color: #F4F4F4; border-radius: 4px; flex-grow: 0; height: 14px; width: 60px;\"><\/div><\/div><\/div><div style=\"padding: 19% 0;\"><\/div> <div style=\"display:block; height:50px; margin:0 auto 12px; width:50px;\"><svg width=\"50px\" height=\"50px\" viewBox=\"0 0 60 60\" version=\"1.1\" xmlns=\"https:\/\/www.w3.org\/2000\/svg\" xmlns:xlink=\"https:\/\/www.w3.org\/1999\/xlink\"><g stroke=\"none\" stroke-width=\"1\" fill=\"none\" fill-rule=\"evenodd\"><g transform=\"translate(-511.000000, -20.000000)\" fill=\"#000000\"><g><path d=\"M556.869,30.41 C554.814,30.41 553.148,32.076 553.148,34.131 C553.148,36.186 554.814,37.852 556.869,37.852 C558.924,37.852 560.59,36.186 560.59,34.131 C560.59,32.076 558.924,30.41 556.869,30.41 M541,60.657 C535.114,60.657 530.342,55.887 530.342,50 C530.342,44.114 535.114,39.342 541,39.342 C546.887,39.342 551.658,44.114 551.658,50 C551.658,55.887 546.887,60.657 541,60.657 M541,33.886 C532.1,33.886 524.886,41.1 524.886,50 C524.886,58.899 532.1,66.113 541,66.113 C549.9,66.113 557.115,58.899 557.115,50 C557.115,41.1 549.9,33.886 541,33.886 M565.378,62.101 C565.244,65.022 564.756,66.606 564.346,67.663 C563.803,69.06 563.154,70.057 562.106,71.106 C561.058,72.155 560.06,72.803 558.662,73.347 C557.607,73.757 556.021,74.244 553.102,74.378 C549.944,74.521 548.997,74.552 541,74.552 C533.003,74.552 532.056,74.521 528.898,74.378 C525.979,74.244 524.393,73.757 523.338,73.347 C521.94,72.803 520.942,72.155 519.894,71.106 C518.846,70.057 518.197,69.06 517.654,67.663 C517.244,66.606 516.755,65.022 516.623,62.101 C516.479,58.943 516.448,57.996 516.448,50 C516.448,42.003 516.479,41.056 516.623,37.899 C516.755,34.978 517.244,33.391 517.654,32.338 C518.197,30.938 518.846,29.942 519.894,28.894 C520.942,27.846 521.94,27.196 523.338,26.654 C524.393,26.244 525.979,25.756 528.898,25.623 C532.057,25.479 533.004,25.448 541,25.448 C548.997,25.448 549.943,25.479 553.102,25.623 C556.021,25.756 557.607,26.244 558.662,26.654 C560.06,27.196 561.058,27.846 562.106,28.894 C563.154,29.942 563.803,30.938 564.346,32.338 C564.756,33.391 565.244,34.978 565.378,37.899 C565.522,41.056 565.552,42.003 565.552,50 C565.552,57.996 565.522,58.943 565.378,62.101 M570.82,37.631 C570.674,34.438 570.167,32.258 569.425,30.349 C568.659,28.377 567.633,26.702 565.965,25.035 C564.297,23.368 562.623,22.342 560.652,21.575 C558.743,20.834 556.562,20.326 553.369,20.18 C550.169,20.033 549.148,20 541,20 C532.853,20 531.831,20.033 528.631,20.18 C525.438,20.326 523.257,20.834 521.349,21.575 C519.376,22.342 517.703,23.368 516.035,25.035 C514.368,26.702 513.342,28.377 512.574,30.349 C511.834,32.258 511.326,34.438 511.181,37.631 C511.035,40.831 511,41.851 511,50 C511,58.147 511.035,59.17 511.181,62.369 C511.326,65.562 511.834,67.743 512.574,69.651 C513.342,71.625 514.368,73.296 516.035,74.965 C517.703,76.634 519.376,77.658 521.349,78.425 C523.257,79.167 525.438,79.673 528.631,79.82 C531.831,79.965 532.853,80.001 541,80.001 C549.148,80.001 550.169,79.965 553.369,79.82 C556.562,79.673 558.743,79.167 560.652,78.425 C562.623,77.658 564.297,76.634 565.965,74.965 C567.633,73.296 568.659,71.625 569.425,69.651 C570.167,67.743 570.674,65.562 570.82,62.369 C570.966,59.17 571,58.147 571,50 C571,41.851 570.966,40.831 570.82,37.631\"><\/path><\/g><\/g><\/g><\/svg><\/div><div style=\"padding-top: 8px;\"> <div style=\" color:#3897f0; font-family:Arial,sans-serif; font-size:14px; font-style:normal; font-weight:550; line-height:18px;\">Visa detta inl\u00e4gg p\u00e5 Instagram<\/div><\/div><div style=\"padding: 12.5% 0;\"><\/div> <div style=\"display: flex; flex-direction: row; margin-bottom: 14px; align-items: center;\"><div> <div style=\"background-color: #F4F4F4; border-radius: 50%; height: 12.5px; width: 12.5px; transform: translateX(0px) translateY(7px);\"><\/div> <div style=\"background-color: #F4F4F4; height: 12.5px; transform: rotate(-45deg) translateX(3px) translateY(1px); width: 12.5px; flex-grow: 0; margin-right: 14px; margin-left: 2px;\"><\/div> <div style=\"background-color: #F4F4F4; border-radius: 50%; height: 12.5px; width: 12.5px; transform: translateX(9px) translateY(-18px);\"><\/div><\/div><div style=\"margin-left: 8px;\"> <div style=\" background-color: #F4F4F4; border-radius: 50%; flex-grow: 0; height: 20px; width: 20px;\"><\/div> <div style=\" width: 0; height: 0; border-top: 2px solid transparent; border-left: 6px solid #f4f4f4; border-bottom: 2px solid transparent; transform: translateX(16px) translateY(-4px) rotate(30deg)\"><\/div><\/div><div style=\"margin-left: auto;\"> <div style=\" width: 0px; border-top: 8px solid #F4F4F4; border-right: 8px solid transparent; transform: translateY(16px);\"><\/div> <div style=\" background-color: #F4F4F4; flex-grow: 0; height: 12px; width: 16px; transform: translateY(-4px);\"><\/div> <div style=\" width: 0; height: 0; border-top: 8px solid #F4F4F4; border-left: 8px solid transparent; transform: translateY(-4px) translateX(8px);\"><\/div><\/div><\/div> <div style=\"display: flex; flex-direction: column; flex-grow: 1; justify-content: center; margin-bottom: 24px;\"> <div style=\" background-color: #F4F4F4; border-radius: 4px; flex-grow: 0; height: 14px; margin-bottom: 6px; width: 224px;\"><\/div> <div style=\" background-color: #F4F4F4; border-radius: 4px; flex-grow: 0; height: 14px; width: 144px;\"><\/div><\/div><\/a><p style=\" color:#c9c8cd; font-family:Arial,sans-serif; font-size:14px; line-height:17px; margin-bottom:0; margin-top:8px; overflow:hidden; padding:8px 0 7px; text-align:center; text-overflow:ellipsis; white-space:nowrap;\"><a href=\"https:\/\/www.instagram.com\/reel\/DHJAMm2CVON\/?utm_source=ig_embed&amp;utm_campaign=loading\" style=\" color:#c9c8cd; font-family:Arial,sans-serif; font-size:14px; font-style:normal; font-weight:normal; line-height:17px; text-decoration:none;\" target=\"_blank\">Ett inl\u00e4gg delat av Samh\u00e4llsentrepren\u00f6r \/ Glokala folkh\u00f6gskolan (@samhallsentreprenorglokala)<\/a><\/p><\/div><\/blockquote>\n<script async src=\"\/\/www.instagram.com\/embed.js\"><\/script>\n\n\n\n<hr class=\"wp-block-separator has-alpha-channel-opacity is-style-dots\"\/>\n\n\n\n<h2 class=\"wp-block-heading\">Att bygga upp kommunikation och n\u00e4rvaro i sociala medier \u2013 del 2<\/h2>\n\n\n\n<p><strong>August forts\u00e4tter i del 2 om exempel p\u00e5 kommunikationskanaler och det konkreta arbetet med inneh\u00e5ll i sociala medier &#8211; olika verktyg och tips f\u00f6r hur du ska n\u00e5 ut med dina inl\u00e4gg<\/strong>.<\/p>\n\n\n\n<p>Vad beh\u00f6ver du t\u00e4nka p\u00e5 n\u00e4r du skriver, l\u00e4gger upp bilder eller videos p\u00e5 din plattform? Du f\u00e5r ocks\u00e5 en introduktion till olika inl\u00e4ggstyper och hur du arbetar med en publiceringskalender.<\/p>\n\n\n\n<p><a href=\"https:\/\/vimeo.com\/1065912926\/2d22c3d23a?share=copy\" target=\"_blank\" rel=\"noreferrer noopener\">Video:<\/a><\/p>\n\n\n\n<figure class=\"wp-block-embed is-type-video is-provider-vimeo wp-block-embed-vimeo wp-embed-aspect-16-9 wp-has-aspect-ratio\"><div class=\"wp-block-embed__wrapper\">\n<iframe loading=\"lazy\" title=\"Kommunikation och sociala medier \u2013 del 2\" src=\"https:\/\/player.vimeo.com\/video\/1065912926?h=2d22c3d23a&amp;dnt=1&amp;app_id=122963\" width=\"640\" height=\"360\" frameborder=\"0\" allow=\"autoplay; fullscreen; picture-in-picture; clipboard-write; encrypted-media\"><\/iframe>\n<\/div><\/figure>\n\n\n\n<div style=\"height:20px\" aria-hidden=\"true\" class=\"wp-block-spacer\"><\/div>\n\n\n\n<p><em>L\u00e4nk till f\u00f6rel\u00e4sningen i text, h\u00e4r hittar du \u00e4ven checklista och inspiration f\u00f6r inl\u00e4gg \u2013 pdf:<\/em><\/p>\n\n\n\n<div data-wp-interactive=\"core\/file\" class=\"wp-block-file\"><object data-wp-bind--hidden=\"!state.hasPdfPreview\" hidden class=\"wp-block-file__embed\" data=\"https:\/\/samhallsentreprenor.glokala.net\/2024-2025\/wp-content\/uploads\/2025\/03\/Forelasning-kommunikation-och-sociala-medier-del-2.pdf\" type=\"application\/pdf\" style=\"width:100%;height:600px\" aria-label=\"Inb\u00e4ddning av &lt;strong&gt;F\u00f6rel\u00e4sning kommunikation och sociala medier del 2&lt;\/strong&gt;.\"><\/object><a id=\"wp-block-file--media-e2a7b8f2-5c9d-4e3b-b009-c36ffce036ea\" href=\"https:\/\/samhallsentreprenor.glokala.net\/2024-2025\/wp-content\/uploads\/2025\/03\/Forelasning-kommunikation-och-sociala-medier-del-2.pdf\" target=\"_blank\" rel=\"noreferrer noopener\"><strong>F\u00f6rel\u00e4sning kommunikation och sociala medier del 2<\/strong><\/a><a href=\"https:\/\/samhallsentreprenor.glokala.net\/2024-2025\/wp-content\/uploads\/2025\/03\/Forelasning-kommunikation-och-sociala-medier-del-2.pdf\" class=\"wp-block-file__button wp-element-button\" download aria-describedby=\"wp-block-file--media-e2a7b8f2-5c9d-4e3b-b009-c36ffce036ea\">Ladda ner<\/a><\/div>\n\n\n\n<hr class=\"wp-block-separator has-css-opacity is-style-default\"\/>\n\n\n\n<h2 class=\"wp-block-heading\">Att l\u00e4sa #1: <a href=\"https:\/\/samhallsentreprenor.glokala.net\/2024-2025\/amne\/lasning-till-v-12-mellan-drommen-och-slitet-loopis-kommunikation\/\" data-type=\"link\" data-id=\"https:\/\/samhallsentreprenor.glokala.net\/2024-2025\/amne\/lasning-till-v-12-mellan-drommen-och-slitet-loopis-kommunikation\/\" target=\"_blank\" rel=\"noreferrer noopener\">&#8221;V\u00e4lj kanaler f\u00f6r opinionsbildning&#8221;<\/a> (via forumet)<\/h2>\n\n\n\n<p><strong><a href=\"https:\/\/samhallsentreprenor.glokala.net\/2024-2025\/amne\/lasning-till-v-12-mellan-drommen-och-slitet-loopis-kommunikation\/\" target=\"_blank\" rel=\"noreferrer noopener\">Pdf &#8211; ladda ner via kursforumet.<\/a><\/strong> Kapitel 3 (s. 33-42) ur boken &#8221;<a href=\"http:\/\/libris.kb.se\/bib\/3lmxksnz1vnzlb7n\" data-type=\"link\" data-id=\"http:\/\/libris.kb.se\/bib\/3lmxksnz1vnzlb7n\" target=\"_blank\" rel=\"noreferrer noopener\">Mellan dr\u00f6mmen och slitet &#8211; en bok om opinionsbildning och p\u00e5verkansarbete<\/a>&#8221; (Silvia Kakembo, 2024).<\/p>\n\n\n<div class=\"wp-block-image\">\n<figure class=\"aligncenter size-medium\"><img loading=\"lazy\" decoding=\"async\" width=\"200\" height=\"300\" src=\"https:\/\/samhallsentreprenor.glokala.net\/2024-2025\/wp-content\/uploads\/2025\/03\/mellan-drommen-och-slitet-cover-200x300.png\" alt=\"\" class=\"wp-image-1780\" srcset=\"https:\/\/samhallsentreprenor.glokala.net\/2024-2025\/wp-content\/uploads\/2025\/03\/mellan-drommen-och-slitet-cover-200x300.png 200w, https:\/\/samhallsentreprenor.glokala.net\/2024-2025\/wp-content\/uploads\/2025\/03\/mellan-drommen-och-slitet-cover-683x1024.png 683w, https:\/\/samhallsentreprenor.glokala.net\/2024-2025\/wp-content\/uploads\/2025\/03\/mellan-drommen-och-slitet-cover-768x1152.png 768w, https:\/\/samhallsentreprenor.glokala.net\/2024-2025\/wp-content\/uploads\/2025\/03\/mellan-drommen-och-slitet-cover-1024x1536.png 1024w, https:\/\/samhallsentreprenor.glokala.net\/2024-2025\/wp-content\/uploads\/2025\/03\/mellan-drommen-och-slitet-cover-1365x2048.png 1365w, https:\/\/samhallsentreprenor.glokala.net\/2024-2025\/wp-content\/uploads\/2025\/03\/mellan-drommen-och-slitet-cover-624x936.png 624w, https:\/\/samhallsentreprenor.glokala.net\/2024-2025\/wp-content\/uploads\/2025\/03\/mellan-drommen-och-slitet-cover.png 1535w\" sizes=\"auto, (max-width: 200px) 100vw, 200px\" \/><\/figure>\n<\/div>\n\n\n<h2 class=\"wp-block-heading\">Att l\u00e4sa #2 &#8211; inspiration: <a href=\"https:\/\/samhallsentreprenor.glokala.net\/2024-2025\/amne\/lasning-till-v-12-mellan-drommen-och-slitet-loopis-kommunikation\/\" target=\"_blank\" rel=\"noreferrer noopener\">Loopis kommunikation, kombination av kanaler<\/a><\/h2>\n\n\n<div class=\"wp-block-image\">\n<figure class=\"alignright size-full is-resized\"><img loading=\"lazy\" decoding=\"async\" width=\"434\" height=\"614\" src=\"https:\/\/samhallsentreprenor.glokala.net\/2024-2025\/wp-content\/uploads\/2025\/03\/LOOPIS_kommunikation-0001_ed.png\" alt=\"\" class=\"wp-image-1781\" style=\"width:365px;height:auto\" srcset=\"https:\/\/samhallsentreprenor.glokala.net\/2024-2025\/wp-content\/uploads\/2025\/03\/LOOPIS_kommunikation-0001_ed.png 434w, https:\/\/samhallsentreprenor.glokala.net\/2024-2025\/wp-content\/uploads\/2025\/03\/LOOPIS_kommunikation-0001_ed-212x300.png 212w\" sizes=\"auto, (max-width: 434px) 100vw, 434px\" \/><\/figure>\n<\/div>\n\n\n<p><strong><a href=\"https:\/\/samhallsentreprenor.glokala.net\/2024-2025\/amne\/lasning-till-v-12-mellan-drommen-och-slitet-loopis-kommunikation\/\" data-type=\"link\" data-id=\"https:\/\/samhallsentreprenor.glokala.net\/2024-2025\/amne\/lasning-till-v-12-mellan-drommen-och-slitet-loopis-kommunikation\/\" target=\"_blank\" rel=\"noreferrer noopener\">Pdf &#8211; ladda ner via kursforumet<\/a>.<\/strong> L\u00e4s en \u00f6versikt fr\u00e5n Johan som l\u00e4ser f\u00f6rdjupningskursen, om hur de har byggt upp kommunikationen f\u00f6r f\u00f6reningen och initiativet <a href=\"https:\/\/loopis.org\/\" data-type=\"link\" data-id=\"https:\/\/loopis.org\/\" target=\"_blank\" rel=\"noreferrer noopener\"><strong>Loopis<\/strong><\/a>!<\/p>\n\n\n\n<figure class=\"wp-block-image size-large is-resized\"><img loading=\"lazy\" decoding=\"async\" width=\"1024\" height=\"1024\" src=\"https:\/\/samhallsentreprenor.glokala.net\/2024-2025\/wp-content\/uploads\/2025\/03\/Urklipp_ram-1024x1024.jpg\" alt=\"\" class=\"wp-image-1782\" style=\"width:403px;height:auto\" srcset=\"https:\/\/samhallsentreprenor.glokala.net\/2024-2025\/wp-content\/uploads\/2025\/03\/Urklipp_ram-1024x1024.jpg 1024w, https:\/\/samhallsentreprenor.glokala.net\/2024-2025\/wp-content\/uploads\/2025\/03\/Urklipp_ram-300x300.jpg 300w, https:\/\/samhallsentreprenor.glokala.net\/2024-2025\/wp-content\/uploads\/2025\/03\/Urklipp_ram-150x150.jpg 150w, https:\/\/samhallsentreprenor.glokala.net\/2024-2025\/wp-content\/uploads\/2025\/03\/Urklipp_ram-768x768.jpg 768w, https:\/\/samhallsentreprenor.glokala.net\/2024-2025\/wp-content\/uploads\/2025\/03\/Urklipp_ram-624x624.jpg 624w, https:\/\/samhallsentreprenor.glokala.net\/2024-2025\/wp-content\/uploads\/2025\/03\/Urklipp_ram.jpg 1080w\" sizes=\"auto, (max-width: 1024px) 100vw, 1024px\" \/><figcaption class=\"wp-element-caption\"><em>Pressklipp fr\u00e5n lokalmedia i januari!<\/em><\/figcaption><\/figure>\n\n\n\n<hr class=\"wp-block-separator has-alpha-channel-opacity\"\/>\n\n\n\n<h2 class=\"wp-block-heading\">Uppgift 8: Kommunikationsplan &amp; publiceringsplan<\/h2>\n\n\n\n<p>De senaste veckorna ligger till grund f\u00f6r uppgift 8 \u201cKommunikations- och publiceringsplan\u201d. H\u00e4r f\u00e5r du tillf\u00e4lle att planera f\u00f6r kommunikationsinsatser och inneh\u00e5ll i en\/flera sociala medier.<\/p>\n\n\n\n<p>Beskrivning f\u00f6r uppgiften \u2013 pdf:<\/p>\n\n\n\n<div class=\"wp-block-file\"><a id=\"wp-block-file--media-cfc2fc5c-c0b0-4ef8-81bf-640b3e819b45\" href=\"https:\/\/samhallsentreprenor.glokala.net\/2024-2025\/wp-content\/uploads\/2025\/03\/Uppgift-8-Kommunikations-publiceringsplan.pdf\" target=\"_blank\" rel=\"noreferrer noopener\"><strong>Uppgift 8 Kommunikations och publiceringsplan<\/strong><\/a><a href=\"https:\/\/samhallsentreprenor.glokala.net\/2024-2025\/wp-content\/uploads\/2025\/03\/Uppgift-8-Kommunikations-publiceringsplan.pdf\" class=\"wp-block-file__button wp-element-button\" download aria-describedby=\"wp-block-file--media-cfc2fc5c-c0b0-4ef8-81bf-640b3e819b45\">Ladda ner<\/a><\/div>\n\n\n\n<p>H\u00f6r av dig till August om du har n\u00e5gon fr\u00e5ga eller fundering!<\/p>\n\n\n\n<p><strong>Inl\u00e4mning:<\/strong> 31 mars, i <a href=\"https:\/\/samhallsentreprenor.glokala.net\/2024-2025\/forums\/8-kommunikationsplan-publiceringsplan\/\" target=\"_blank\" rel=\"noreferrer noopener\">forumet f\u00f6r uppgiften<\/a><br>\u2013 Form: L\u00e4mna in uppgiften som textfil eller pdf, kan kombineras med kalkylark\/excelark.<br>Introducera din plan med en skriftlig kommentar, eller med en kort video\/ljudinspelning s\u00e5 att sammanhanget framg\u00e5r.<br>\u2013 Omfattning: Ca 2 A4 i text med publiceringskalender inkluderad eller bifogad.<br>\u2013 Meddela g\u00e4rna direkt n\u00e4r du l\u00e4mnar in om du kan delta i samtal online f\u00f6r feedback, eller beh\u00f6ver ing\u00e5 i grupp f\u00f6r skriftliga kommentarer. Samtal online planeras m\u00e5ndag 7 april kl 15:00-16:30, samt tisdag 8 april kl 12:00-13:30.<\/p>\n\n\n\n<p><strong>Respons\/kommentarer:<\/strong> I gruppsamtal online 7 eller 8 april, alternativt skriftliga kommentarer till varandra. Tidsperiod f\u00f6r skriftliga kommentarer: 1-13 april.<\/p>\n\n\n\n<p>Dela g\u00e4rna med dig av dina tankar och id\u00e9er <strong><a href=\"https:\/\/samhallsentreprenor.glokala.net\/2024-2025\/amne\/lasning-till-v-12-mellan-drommen-och-slitet-loopis-kommunikation\/\" data-type=\"link\" data-id=\"https:\/\/samhallsentreprenor.glokala.net\/2024-2025\/amne\/lasning-till-v-12-mellan-drommen-och-slitet-loopis-kommunikation\/\" target=\"_blank\" rel=\"noreferrer noopener\">i kursforumet<\/a><\/strong> under arbetets g\u00e5ng. Har du redan b\u00f6rjat bygga en plattform i sociala medier eller har n\u00e5gon etablerad kommunikationskanal \u2013 anv\u00e4nd g\u00e4rna uppgiften f\u00f6r att utveckla ditt inneh\u00e5ll.<\/p>\n\n\n\n<hr class=\"wp-block-separator has-css-opacity is-style-default\"\/>\n\n\n\n<h2 class=\"wp-block-heading\">Inspiration: Konton att inspireras av p\u00e5 sociala medier?<\/h2>\n\n\n\n<p>Finns det konton som du s\u00e4rskilt tar intryck av? Dela g\u00e4rna exempel i en kommentar h\u00e4r eller i kursforumet!<\/p>\n\n\n\n<p><strong>Tv\u00e5 exempel p\u00e5 klipp som v\u00e4ckt engagemang och spridning<\/strong> i den svenska kontexten senaste tiden: <\/p>\n\n\n\n<ul class=\"wp-block-list\">\n<li><a href=\"https:\/\/omni.se\/bojkotten-sprids-snabbt-pa-tiktok-folk-gar-pa-knana\/a\/B0Bqpe\" data-type=\"link\" data-id=\"https:\/\/omni.se\/bojkotten-sprids-snabbt-pa-tiktok-folk-gar-pa-knana\/a\/B0Bqpe\" target=\"_blank\" rel=\"noreferrer noopener\">&#8221;Bojkotten sprids snabbt p\u00e5 Tiktok: \u201dFolk g\u00e5r p\u00e5 kn\u00e4na\u201d<\/a><\/li>\n\n\n\n<li><a href=\"https:\/\/www.svt.se\/nyheter\/lokalt\/smaland\/har-ar-svenska-kyrkans-video-bada-bastu-som-blivit-viral\" data-type=\"link\" data-id=\"https:\/\/www.svt.se\/nyheter\/lokalt\/smaland\/har-ar-svenska-kyrkans-video-bada-bastu-som-blivit-viral\" target=\"_blank\" rel=\"noreferrer noopener\">&#8221;H\u00e4r \u00e4r Svenska kyrkans video &#8217;Bara bada bastu&#8217; som blivit viral&#8221;<\/a><\/li>\n<\/ul>\n\n\n\n<p>Tidigare \u00e5r har vi ocks\u00e5 n\u00e4mnt st\u00f6rre akt\u00f6rer som <a href=\"https:\/\/www.facebook.com\/Livrustkammaren\/\" data-type=\"link\" data-id=\"https:\/\/www.facebook.com\/Livrustkammaren\/\" target=\"_blank\" rel=\"noreferrer noopener\">Livrustkammaren<\/a> (humor och kunglig historia), <a href=\"https:\/\/www.instagram.com\/statistiska_centralbyran_scb\/\" data-type=\"link\" data-id=\"https:\/\/www.instagram.com\/statistiska_centralbyran_scb\/\" target=\"_blank\" rel=\"noreferrer noopener\">Statistiska centralbyr\u00e5n<\/a> (visuellt, grafiskt presenterad statistik) och <a href=\"https:\/\/www.instagram.com\/delicato.se\/\" data-type=\"link\" data-id=\"https:\/\/www.instagram.com\/delicato.se\/\" target=\"_blank\" rel=\"noreferrer noopener\">Delicato<\/a> (grafiskt, aktiverar sinnen).<\/p>\n","protected":false},"excerpt":{"rendered":"<p>Den h\u00e4r veckan g\u00e5r vi in p\u00e5 det konkreta arbetet med att planera f\u00f6r kommunikation och inneh\u00e5ll i sociala medier. Kursens n\u00e4sta uppgift knyter ocks\u00e5&hellip;<\/p>\n","protected":false},"author":1,"featured_media":1784,"comment_status":"open","ping_status":"closed","sticky":false,"template":"","format":"standard","meta":{"footnotes":""},"categories":[37],"tags":[],"class_list":["post-1775","post","type-post","status-publish","format-standard","has-post-thumbnail","hentry","category-modul-3"],"_links":{"self":[{"href":"https:\/\/samhallsentreprenor.glokala.net\/2024-2025\/wp-json\/wp\/v2\/posts\/1775","targetHints":{"allow":["GET"]}}],"collection":[{"href":"https:\/\/samhallsentreprenor.glokala.net\/2024-2025\/wp-json\/wp\/v2\/posts"}],"about":[{"href":"https:\/\/samhallsentreprenor.glokala.net\/2024-2025\/wp-json\/wp\/v2\/types\/post"}],"author":[{"embeddable":true,"href":"https:\/\/samhallsentreprenor.glokala.net\/2024-2025\/wp-json\/wp\/v2\/users\/1"}],"replies":[{"embeddable":true,"href":"https:\/\/samhallsentreprenor.glokala.net\/2024-2025\/wp-json\/wp\/v2\/comments?post=1775"}],"version-history":[{"count":6,"href":"https:\/\/samhallsentreprenor.glokala.net\/2024-2025\/wp-json\/wp\/v2\/posts\/1775\/revisions"}],"predecessor-version":[{"id":1804,"href":"https:\/\/samhallsentreprenor.glokala.net\/2024-2025\/wp-json\/wp\/v2\/posts\/1775\/revisions\/1804"}],"wp:featuredmedia":[{"embeddable":true,"href":"https:\/\/samhallsentreprenor.glokala.net\/2024-2025\/wp-json\/wp\/v2\/media\/1784"}],"wp:attachment":[{"href":"https:\/\/samhallsentreprenor.glokala.net\/2024-2025\/wp-json\/wp\/v2\/media?parent=1775"}],"wp:term":[{"taxonomy":"category","embeddable":true,"href":"https:\/\/samhallsentreprenor.glokala.net\/2024-2025\/wp-json\/wp\/v2\/categories?post=1775"},{"taxonomy":"post_tag","embeddable":true,"href":"https:\/\/samhallsentreprenor.glokala.net\/2024-2025\/wp-json\/wp\/v2\/tags?post=1775"}],"curies":[{"name":"wp","href":"https:\/\/api.w.org\/{rel}","templated":true}]}}