{"id":1942,"date":"2025-03-31T09:31:11","date_gmt":"2025-03-31T07:31:11","guid":{"rendered":"https:\/\/samhallsentreprenor.glokala.net\/2024-2025\/?p=1942"},"modified":"2025-03-31T09:31:34","modified_gmt":"2025-03-31T07:31:34","slug":"v-14-perspektiv-pa-verksamhetsplaner-affarsplaner-uppgift-9-och-10","status":"publish","type":"post","link":"https:\/\/samhallsentreprenor.glokala.net\/2024-2025\/modul-4\/v-14-perspektiv-pa-verksamhetsplaner-affarsplaner-uppgift-9-och-10\/","title":{"rendered":"v 14 Perspektiv p\u00e5 verksamhetsplaner &amp; aff\u00e4rsplaner + uppgift 9 och 10"},"content":{"rendered":"\n<p class=\"has-background\" style=\"background-color:#f5f5f8\"><strong>I veckans tema<\/strong> presenterar Fredrik perspektiv p\u00e5 att arbeta med aff\u00e4rs- eller verksamhetsplaner. Samtidigt kan du ta del av mer information om de tv\u00e5 uppgifterna 9 och 10 som du arbetar med under modul 4.<br><br>Det \u00e4r \u00e4ven tid 31 mars f\u00f6r inl\u00e4mning av <strong><a href=\"https:\/\/samhallsentreprenor.glokala.net\/2024-2025\/modul-3\/v-12-arbeta-med-kommunikation-sociala-medier-del-2-uppgift-8\/\" data-type=\"post\" data-id=\"1775\">uppgift 8 Kommunikations- och publiceringsplan<\/a><\/strong>. Vi f\u00f6ljer upp med feedback via samtal online eller genom skriftliga kommentarer till varandra!<br><br><strong>+ Kurstr\u00e4ff 5-6 maj i G\u00f6teborg<\/strong><br>V\u00e4lkommen till \u00e5rets tredje tr\u00e4ff! Det blir tid f\u00f6r att samtala, f\u00f6r id\u00e9utveckling och f\u00f6r inspiration med studiebes\u00f6k. Meddela din medverkan och<a href=\"https:\/\/samhallsentreprenor.glokala.net\/2024-2025\/modul-4\/kurstraff-5-6-maj-i-goteborg\/\" data-type=\"post\" data-id=\"1720\"> l\u00e4s mer om det prelimin\u00e4ra programmet \u2192<\/a><\/p>\n\n\n\n<h3 class=\"wp-block-heading\">Ta del av Fredriks f\u00f6rel\u00e4sning:<\/h3>\n\n\n\n<div class=\"wp-block-file\"><a id=\"wp-block-file--media-17fe2ab6-7f89-482e-be95-f8952f180365\" href=\"https:\/\/samhallsentreprenor.glokala.net\/2024-2025\/wp-content\/uploads\/2025\/03\/Affarsplaner.pptx\" target=\"_blank\" rel=\"noreferrer noopener\"><strong>Aff\u00e4rsplaner f\u00f6r samh\u00e4llsentrepren\u00f6rer? (powerpoint)<\/strong><\/a><a href=\"https:\/\/samhallsentreprenor.glokala.net\/2024-2025\/wp-content\/uploads\/2025\/03\/Affarsplaner.pptx\" class=\"wp-block-file__button wp-element-button\" download aria-describedby=\"wp-block-file--media-17fe2ab6-7f89-482e-be95-f8952f180365\">Ladda ner<\/a><\/div>\n\n\n\n<p>Video:<\/p>\n\n\n\n<figure class=\"wp-block-embed is-type-video is-provider-vimeo wp-block-embed-vimeo\"><div class=\"wp-block-embed__wrapper\">\n<iframe loading=\"lazy\" title=\"aff\u00e4rsplan\" src=\"https:\/\/player.vimeo.com\/video\/812058387?h=284a7794c2&amp;dnt=1&amp;app_id=122963\" width=\"640\" height=\"416\" frameborder=\"0\" allow=\"autoplay; fullscreen; picture-in-picture; clipboard-write; encrypted-media\"><\/iframe>\n<\/div><\/figure>\n\n\n\n<div style=\"height:30px\" aria-hidden=\"true\" class=\"wp-block-spacer\"><\/div>\n\n\n\n<p><strong>Canvas-modeller som verktyg:<\/strong> Ett exempel p\u00e5 verktyg f\u00f6r att st\u00f6dja utvecklingen av en aff\u00e4rs- eller verksamhetsmodell, som n\u00e4mns mot slutet av presentationen \u00e4r <a href=\"https:\/\/www.strategyzer.com\/library\/the-business-model-canvas\" target=\"_blank\" rel=\"noreferrer noopener\">\u201dThe Business Model Canvas\u201d<\/a>. Svensk version finns bland annat p\u00e5 <a href=\"https:\/\/www.nystartad.se\/business-model-canvas\/\" target=\"_blank\" rel=\"noreferrer noopener\">nystartad.se d\u00e4r du kan fylla i den online<\/a> \u2013 ett s\u00e4tt att snabbt skissa fram en id\u00e9, som sedan kan utvecklas i text i uppgift 9.<\/p>\n\n\n\n<p>Ett annat exempel p\u00e5 anpassad canvas-modell som lyfts fram \u00e4r den<a aria-label=\" &quot;Social Business Model Canvas&quot; som The Young Foundation (opens in a new tab)\" href=\"https:\/\/samhallsentreprenor.glokala.net\/2019-2020\/wp-content\/uploads\/2020\/04\/social_business_canvas_young-foundation.png\" target=\"_blank\" rel=\"noreferrer noopener\"> &#8221;Social Business Model Canvas&#8221; som The Young Foundation<\/a> har tagit fram. <\/p>\n\n\n\n<p>Ett aktuellt alternativ \u00e4r \u00e4ven &#8221;Sustainable Business Canvas&#8221; som du kan l\u00e4sa mer om h\u00e4r: <a href=\"https:\/\/www.sustainablebusinesscanvas.com\/\" target=\"_blank\" rel=\"noreferrer noopener\">https:\/\/www.sustainablebusinesscanvas.com\/<\/a><\/p>\n\n\n\n<figure class=\"wp-block-image size-large\"><a href=\"https:\/\/www.sustainablebusinesscanvas.com\/\" target=\"_blank\" rel=\"noreferrer noopener\"><img decoding=\"async\" src=\"https:\/\/samhallsentreprenor.glokala.net\/2023-2024\/wp-content\/uploads\/2024\/03\/Sustainablebusinesscanvassve-1300x919.png\" alt=\"\" class=\"wp-image-2342\"\/><\/a><\/figure>\n\n\n\n<div style=\"height:25px\" aria-hidden=\"true\" class=\"wp-block-spacer\"><\/div>\n\n\n\n<p><strong>V\u00e4cks fr\u00e5gor eller funderingar<\/strong> n\u00e4r du lyssnar p\u00e5 f\u00f6rel\u00e4sningen? Skriv g\u00e4rna en kommentar eller skriv i forumet!<\/p>\n\n\n\n<hr class=\"wp-block-separator has-css-opacity\"\/>\n\n\n\n<h2 class=\"wp-block-heading\">Presentation av uppgift 9 och 10<\/h2>\n\n\n\n<h3 class=\"wp-block-heading\"><a href=\"https:\/\/samhallsentreprenor.glokala.net\/2024-2025\/modul-4\/uppgift-9-projekt-verksamhets-affarsplan\/\" data-type=\"link\" data-id=\"https:\/\/samhallsentreprenor.glokala.net\/2024-2025\/modul-4\/uppgift-9-projekt-verksamhets-affarsplan\/\" target=\"_blank\" rel=\"noreferrer noopener\">Uppgift 9: Projekt- \/verksamhets- \/aff\u00e4rsplan<\/a><\/h3>\n\n\n\n<p>H\u00e4r \u00e4r uppgiften att ta fram en plan f\u00f6r en verksamhet \u2013 det kan vara en verksamhet du vill starta eller redan h\u00e5ller p\u00e5 att starta.<br><span style=\"text-decoration: underline;\">Inl\u00e4mning:<\/span> 28 april.<br>L\u00e4s mer: <a href=\"https:\/\/samhallsentreprenor.glokala.net\/2024-2025\/modul-4\/uppgift-9-projekt-verksamhets-affarsplan\/\" target=\"_blank\" rel=\"noreferrer noopener\">https:\/\/samhallsentreprenor.glokala.net\/2024-2025\/modul-4\/uppgift-9-projekt-verksamhets-affarsplan\/<\/a><\/p>\n\n\n\n<h3 class=\"wp-block-heading\"><a href=\"https:\/\/samhallsentreprenor.glokala.net\/2024-2025\/modul-4\/uppgift-10-reflektion-kring-projektledning-samhallsentreprenorskap\/\" data-type=\"link\" data-id=\"https:\/\/samhallsentreprenor.glokala.net\/2024-2025\/modul-4\/uppgift-10-reflektion-kring-projektledning-samhallsentreprenorskap\/\" target=\"_blank\" rel=\"noreferrer noopener\">Uppgift 10: Reflektion kring projektledning &amp; samh\u00e4llsentrepren\u00f6rskap<\/a><\/h3>\n\n\n\n<p>I den h\u00e4r uppgiften diskuterar och reflekterar du kring projektledning utifr\u00e5n n\u00e5gra fall med fr\u00e5gest\u00e4llningar \u2013 exempel p\u00e5 utmaningar som du kan st\u00e4llas inf\u00f6r som projektledare och samh\u00e4llsentrepren\u00f6r.<br><span style=\"text-decoration: underline;\">Inl\u00e4mning:<\/span> 26 maj \u2013 deltagande i onlineworkshop eller individuell inl\u00e4mning i uppgiftens forum.<br>L\u00e4s mer: <a href=\"https:\/\/samhallsentreprenor.glokala.net\/2024-2025\/modul-4\/uppgift-10-reflektion-kring-projektledning-samhallsentreprenorskap\/\" target=\"_blank\" rel=\"noreferrer noopener\">https:\/\/samhallsentreprenor.glokala.net\/2024-2025\/modul-4\/uppgift-10-reflektion-kring-projektledning-samhallsentreprenorskap\/<\/a><\/p>\n","protected":false},"excerpt":{"rendered":"<p>I veckans tema presenterar Fredrik perspektiv p\u00e5 att arbeta med aff\u00e4rs- eller verksamhetsplaner. Samtidigt kan du ta del av mer information om de tv\u00e5 uppgifterna&hellip;<\/p>\n","protected":false},"author":1,"featured_media":1944,"comment_status":"open","ping_status":"closed","sticky":false,"template":"","format":"standard","meta":{"footnotes":""},"categories":[38],"tags":[],"class_list":["post-1942","post","type-post","status-publish","format-standard","has-post-thumbnail","hentry","category-modul-4"],"_links":{"self":[{"href":"https:\/\/samhallsentreprenor.glokala.net\/2024-2025\/wp-json\/wp\/v2\/posts\/1942","targetHints":{"allow":["GET"]}}],"collection":[{"href":"https:\/\/samhallsentreprenor.glokala.net\/2024-2025\/wp-json\/wp\/v2\/posts"}],"about":[{"href":"https:\/\/samhallsentreprenor.glokala.net\/2024-2025\/wp-json\/wp\/v2\/types\/post"}],"author":[{"embeddable":true,"href":"https:\/\/samhallsentreprenor.glokala.net\/2024-2025\/wp-json\/wp\/v2\/users\/1"}],"replies":[{"embeddable":true,"href":"https:\/\/samhallsentreprenor.glokala.net\/2024-2025\/wp-json\/wp\/v2\/comments?post=1942"}],"version-history":[{"count":1,"href":"https:\/\/samhallsentreprenor.glokala.net\/2024-2025\/wp-json\/wp\/v2\/posts\/1942\/revisions"}],"predecessor-version":[{"id":1952,"href":"https:\/\/samhallsentreprenor.glokala.net\/2024-2025\/wp-json\/wp\/v2\/posts\/1942\/revisions\/1952"}],"wp:featuredmedia":[{"embeddable":true,"href":"https:\/\/samhallsentreprenor.glokala.net\/2024-2025\/wp-json\/wp\/v2\/media\/1944"}],"wp:attachment":[{"href":"https:\/\/samhallsentreprenor.glokala.net\/2024-2025\/wp-json\/wp\/v2\/media?parent=1942"}],"wp:term":[{"taxonomy":"category","embeddable":true,"href":"https:\/\/samhallsentreprenor.glokala.net\/2024-2025\/wp-json\/wp\/v2\/categories?post=1942"},{"taxonomy":"post_tag","embeddable":true,"href":"https:\/\/samhallsentreprenor.glokala.net\/2024-2025\/wp-json\/wp\/v2\/tags?post=1942"}],"curies":[{"name":"wp","href":"https:\/\/api.w.org\/{rel}","templated":true}]}}