{"id":227,"date":"2024-09-06T15:37:52","date_gmt":"2024-09-06T13:37:52","guid":{"rendered":"https:\/\/samhallsentreprenor.glokala.net\/2024-2025\/?p=227"},"modified":"2024-09-09T14:20:32","modified_gmt":"2024-09-09T12:20:32","slug":"v-37-projekt-och-samhalls-entreprenorskap","status":"publish","type":"post","link":"https:\/\/samhallsentreprenor.glokala.net\/2024-2025\/modul-1\/v-37-projekt-och-samhalls-entreprenorskap\/","title":{"rendered":"v 37 Projekt och (samh\u00e4lls-)entrepren\u00f6rskap"},"content":{"rendered":"\n<p class=\"has-background\" style=\"background-color:#edeef0\"><strong>Den h\u00e4r veckan presenterar sig Fredrik<\/strong> som \u00e4r l\u00e4rare i en del av kursens moment, med fokus p\u00e5 bland annat planering och organisering av initiativ. Du f\u00e5r ta del av en inledande f\u00f6rel\u00e4sning, och samtidigt presenterar vi uppgiften \u201dErfarenheter av initiativ eller projekt\u201d (inl\u00e4mning 16 september). L\u00e4s mer nedan!<br><br>Samtidigt \u00e4r det nu dags att boka in en tid f\u00f6r kortare avst\u00e4mning med August. Samtalet \u00e4r t\u00e4nkt som en m\u00f6jlighet att st\u00e4mma av om hur det funkar att komma ig\u00e5ng i kursen, men ocks\u00e5 f\u00e5 chansen att h\u00f6ra lite mer om det som du \u00e4r engagerad i eller vill utveckla. <a href=\"https:\/\/samhallsentreprenor.glokala.net\/2024-2025\/kursinfo\/samtalstider\/\" data-type=\"page\" data-id=\"208\" target=\"_blank\" rel=\"noreferrer noopener\">Boka samtalstid \u2192<\/a><\/p>\n\n\n\n<h2 class=\"wp-block-heading\">Boka samtalstid<\/h2>\n\n\n\n<p>Boka in en tid f\u00f6r kortare samtal (max ca. 30 min) med August via <a href=\"https:\/\/samhallsentreprenor.glokala.net\/2024-2025\/kursinfo\/samtalstider\/\" data-type=\"page\" data-id=\"208\" target=\"_blank\" rel=\"noreferrer noopener\">kalendern h\u00e4r (l\u00e4nk)<\/a>. Samtalet \u00e4r t\u00e4nkt som en m\u00f6jlighet att st\u00e4mma av om hur det funkar att komma ig\u00e5ng i kursen, men ocks\u00e5 f\u00e5 chansen att h\u00f6ra lite mer om det som du \u00e4r engagerad i eller vill utveckla.<\/p>\n\n\n\n<p>Passar ingen av tiderna? Skriv d\u00e5 till august@glokala.se eller skriv meddelande till August h\u00e4r p\u00e5 plattformen, skicka g\u00e4rna tv\u00e5 alternativa f\u00f6rslag p\u00e5 dagar\/tider f\u00f6r samtal.<\/p>\n\n\n\n<hr class=\"wp-block-separator has-alpha-channel-opacity\"\/>\n\n\n\n<h2 class=\"wp-block-heading\">Uppgift 1: Erfarenheter av initiativ eller projekt<\/h2>\n\n\n\n<p class=\"has-white-background-color has-background\">Beskriv dina erfarenheter av att arbeta i projekt eller liknande initiativ\/verksamheter (kortfattat).<br><em>Vilken roll hade du? Hur var det att arbeta med initiativet\/projektet? Vilka var sv\u00e5righeterna?<\/em><br><br>Det kan handla om projekt\/initiativ som du varit en del av ideellt eller som anst\u00e4lld. H\u00e4r kan du ocks\u00e5 t\u00e4nka lite vidare &#8211; det kan handla om saker du har genomf\u00f6rt p\u00e5 fritiden, i studier eller i ditt arbete, exempelvis organiserat en resa, ett arrangemang eller en fest.<\/p>\n\n\n\n<p><strong>Omfattning:<\/strong> Ungef\u00e4r en A4-sida i text, eller 5-10 min i ljud\/video.<br><strong>Inl\u00e4mningsdatum: <\/strong>16 september. <a href=\"https:\/\/samhallsentreprenor.glokala.net\/2024-2025\/forums\/1-erfarenheter-av-initiativ-eller-projekt\/\" data-type=\"link\" data-id=\"https:\/\/samhallsentreprenor.glokala.net\/2024-2025\/forums\/1-erfarenheter-av-initiativ-eller-projekt\/\" target=\"_blank\" rel=\"noreferrer noopener\">Forum f\u00f6r uppgift 1 \u2192<\/a><\/p>\n\n\n\n<p class=\"has-white-background-color has-background\">\u2013 Skapa din inl\u00e4mning som ett nytt \u00e4mne i <a href=\"https:\/\/samhallsentreprenor.glokala.net\/2024-2025\/forums\/1-erfarenheter-av-initiativ-eller-projekt\/\" data-type=\"link\" data-id=\"https:\/\/samhallsentreprenor.glokala.net\/2024-2025\/forums\/1-erfarenheter-av-initiativ-eller-projekt\/\" target=\"_blank\" rel=\"noreferrer noopener\">forumet f\u00f6r uppgift 1 (inloggad)&nbsp;\u2192<\/a><br>\u2013 Skriv en titel som inneh\u00e5ller ditt namn Ex: August &#8211; Erfarenheter<br>\u2013 Ladda upp din inl\u00e4mning som en bifogad fil eller skriv\/kopiera in hela texten f\u00f6r uppgiften direkt i inl\u00e4gget. <br>Om du laddar upp en fil, anv\u00e4nd g\u00e4rna pdf.<br>Om du spelar in ljud\/video \u00e4r det enklast att ladda upp mediafilen externt, p\u00e5 exempelvis Google Drive eller annan tj\u00e4nst. Klistra sedan in en l\u00e4nk till mediafilen i ditt inl\u00e4gg.<br>Viktigt: Om du bifogar en fil beh\u00f6ver du \u00e4ven skriva n\u00e5got i textrutan f\u00f6r att kunna publicera inl\u00e4gget.<br><br><em>Problem\/fr\u00e5gor om att l\u00e4gga upp din inl\u00e4mning: H\u00f6r av dig till August!<\/em> <br>Praktiska tips finns \u00e4ven p\u00e5 sidan <a href=\"https:\/\/samhallsentreprenor.glokala.net\/2024-2025\/kursinfo\/guide-till-plattformen\/\" data-type=\"link\" data-id=\"https:\/\/samhallsentreprenor.glokala.net\/2024-2025\/kursinfo\/guide-till-plattformen\/\" target=\"_blank\" rel=\"noreferrer noopener\">Guide till plattformen<\/a>.<\/p>\n\n\n\n<p><strong>Gruppindelning f\u00f6r respons: <\/strong>En indelning f\u00f6r kommentarer till varandra presenteras 17 september.<br><strong>Respons:<\/strong>&nbsp;Ge respons till de andra i din grupp under tiden fram till 29 september.<\/p>\n\n\n\n<hr class=\"wp-block-separator has-alpha-channel-opacity\"\/>\n\n\n\n<h2 class=\"wp-block-heading\">Introduktion: Projekt och (samh\u00e4lls-)entrepren\u00f6rskap<\/h2>\n\n\n\n<p>Den h\u00e4r veckan tar du del av f\u00f6rel\u00e4sningen nedan, med tillh\u00f6rande powerpoint. <\/p>\n\n\n\n<div class=\"wp-block-file\"><a id=\"wp-block-file--media-21243388-3731-4374-a812-8034cb6a25b8\" href=\"https:\/\/samhallsentreprenor.glokala.net\/2024-2025\/wp-content\/uploads\/2024\/09\/L1-Projekt-och-entreprenorskap.pptx\" target=\"_blank\" rel=\"noreferrer noopener\">Projekt-och-entreprenorskap (powerpoint)<\/a><a href=\"https:\/\/samhallsentreprenor.glokala.net\/2024-2025\/wp-content\/uploads\/2024\/09\/L1-Projekt-och-entreprenorskap.pptx\" class=\"wp-block-file__button wp-element-button\" download aria-describedby=\"wp-block-file--media-21243388-3731-4374-a812-8034cb6a25b8\">Ladda ner<\/a><\/div>\n\n\n\n<h4 class=\"wp-block-heading\"><strong><a href=\"https:\/\/vimeo.com\/861218169\/2801e49630?share=copy\" data-type=\"link\" data-id=\"https:\/\/vimeo.com\/861218169\/2801e49630?share=copy\">Videof\u00f6rel\u00e4sning:<\/a><\/strong><\/h4>\n\n\n\n<figure class=\"wp-block-embed is-type-video is-provider-vimeo wp-block-embed-vimeo\"><div class=\"wp-block-embed__wrapper\">\n<iframe loading=\"lazy\" title=\"F1- Projekt och entrepren\u00f6rskap\" src=\"https:\/\/player.vimeo.com\/video\/861218169?h=2801e49630&amp;dnt=1&amp;app_id=122963\" width=\"640\" height=\"416\" frameborder=\"0\" allow=\"autoplay; fullscreen; picture-in-picture; clipboard-write\"><\/iframe>\n<\/div><\/figure>\n\n\n\n<div style=\"height:21px\" aria-hidden=\"true\" class=\"wp-block-spacer\"><\/div>\n\n\n\n<p><strong>Kommentera g\u00e4rna h\u00e4r eller skriv i din reflektionsgrupp<\/strong> om det \u00e4r fr\u00e5gor eller tankar som dyker upp n\u00e4r du tar del av f\u00f6rel\u00e4sningen!<\/p>\n\n\n\n<hr class=\"wp-block-separator has-alpha-channel-opacity\"\/>\n\n\n\n<h4 class=\"wp-block-heading\">Litteratur \u2013 tips:<\/h4>\n\n\n\n<p>Ett tips p\u00e5 en bok som kan komplettera det som tas upp i kursens moment kring att arbeta med projekt (eller utveckla projektans\u00f6kningar) \u00e4r denna:<\/p>\n\n\n\n<div class=\"wp-block-media-text is-stacked-on-mobile\" style=\"grid-template-columns:15% auto\"><figure class=\"wp-block-media-text__media\"><img loading=\"lazy\" decoding=\"async\" width=\"250\" height=\"353\" src=\"https:\/\/samhallsentreprenor.glokala.net\/2024-2025\/wp-content\/uploads\/2024\/09\/getxinfo.jpg\" alt=\"\" class=\"wp-image-229 size-full\" srcset=\"https:\/\/samhallsentreprenor.glokala.net\/2024-2025\/wp-content\/uploads\/2024\/09\/getxinfo.jpg 250w, https:\/\/samhallsentreprenor.glokala.net\/2024-2025\/wp-content\/uploads\/2024\/09\/getxinfo-212x300.jpg 212w\" sizes=\"auto, (max-width: 250px) 100vw, 250px\" \/><\/figure><div class=\"wp-block-media-text__content\">\n<p>Hallin, Anette &amp; Karrbom Gustavsson, Tina (2019). <em>Projektledning<\/em>.<br>Finns i flera upplagor, \u00e4ven de \u00e4ldre g\u00e5r bra att anv\u00e4nda. Tillg\u00e4nglig p\u00e5 en hel del bibliotek, se <a href=\"http:\/\/libris.kb.se\/bib\/8khx2wnn6f8ptm2x\" target=\"_blank\" rel=\"noreferrer noopener\">http:\/\/libris.kb.se\/bib\/8khx2wnn6f8ptm2x<\/a><\/p>\n<\/div><\/div>\n","protected":false},"excerpt":{"rendered":"<p>Den h\u00e4r veckan presenterar sig Fredrik som \u00e4r l\u00e4rare i en del av kursens moment, med fokus p\u00e5 bland annat planering och organisering av initiativ.&hellip;<\/p>\n","protected":false},"author":1,"featured_media":230,"comment_status":"open","ping_status":"closed","sticky":false,"template":"","format":"standard","meta":{"footnotes":""},"categories":[35],"tags":[],"class_list":["post-227","post","type-post","status-publish","format-standard","has-post-thumbnail","hentry","category-modul-1"],"_links":{"self":[{"href":"https:\/\/samhallsentreprenor.glokala.net\/2024-2025\/wp-json\/wp\/v2\/posts\/227","targetHints":{"allow":["GET"]}}],"collection":[{"href":"https:\/\/samhallsentreprenor.glokala.net\/2024-2025\/wp-json\/wp\/v2\/posts"}],"about":[{"href":"https:\/\/samhallsentreprenor.glokala.net\/2024-2025\/wp-json\/wp\/v2\/types\/post"}],"author":[{"embeddable":true,"href":"https:\/\/samhallsentreprenor.glokala.net\/2024-2025\/wp-json\/wp\/v2\/users\/1"}],"replies":[{"embeddable":true,"href":"https:\/\/samhallsentreprenor.glokala.net\/2024-2025\/wp-json\/wp\/v2\/comments?post=227"}],"version-history":[{"count":4,"href":"https:\/\/samhallsentreprenor.glokala.net\/2024-2025\/wp-json\/wp\/v2\/posts\/227\/revisions"}],"predecessor-version":[{"id":253,"href":"https:\/\/samhallsentreprenor.glokala.net\/2024-2025\/wp-json\/wp\/v2\/posts\/227\/revisions\/253"}],"wp:featuredmedia":[{"embeddable":true,"href":"https:\/\/samhallsentreprenor.glokala.net\/2024-2025\/wp-json\/wp\/v2\/media\/230"}],"wp:attachment":[{"href":"https:\/\/samhallsentreprenor.glokala.net\/2024-2025\/wp-json\/wp\/v2\/media?parent=227"}],"wp:term":[{"taxonomy":"category","embeddable":true,"href":"https:\/\/samhallsentreprenor.glokala.net\/2024-2025\/wp-json\/wp\/v2\/categories?post=227"},{"taxonomy":"post_tag","embeddable":true,"href":"https:\/\/samhallsentreprenor.glokala.net\/2024-2025\/wp-json\/wp\/v2\/tags?post=227"}],"curies":[{"name":"wp","href":"https:\/\/api.w.org\/{rel}","templated":true}]}}