{"id":891,"date":"2024-11-04T12:20:03","date_gmt":"2024-11-04T11:20:03","guid":{"rendered":"https:\/\/samhallsentreprenor.glokala.net\/2024-2025\/?p=891"},"modified":"2025-01-08T08:47:32","modified_gmt":"2025-01-08T07:47:32","slug":"v-45-intro-modul-2","status":"publish","type":"post","link":"https:\/\/samhallsentreprenor.glokala.net\/2024-2025\/modul-2\/v-45-intro-modul-2\/","title":{"rendered":"v 45 Intro \u2013 modul 2"},"content":{"rendered":"\n<p class=\"has-background\" style=\"background-color:#eaedf1\"><strong>V\u00e4lkommen till modul 2 \u2013 kursens andra del!<\/strong> <br><br>Vi startar i lite lugnt tempo den h\u00e4r veckan, med en introduktion och tid f\u00f6r att ge kommentarer till varandra p\u00e5 uppgift 3 \u2013 Perspektiv p\u00e5 samh\u00e4llsentrepren\u00f6rskap.<br><br><strong>P\u00e5minnelse: <\/strong>Inl\u00e4mning 4 november f\u00f6r <a href=\"https:\/\/samhallsentreprenor.glokala.net\/2024-2025\/modul-1\/uppgift-3-perspektiv-pa-samhallsentreprenorskap\/\" data-type=\"post\" data-id=\"578\">uppgift 3 Perspektiv p\u00e5 samh\u00e4llsentrepren\u00f6rskap<\/a>.<\/p>\n\n\n\n<h2 class=\"wp-block-heading\">Introduktion till modul 2<\/h2>\n\n\n\n<ul class=\"wp-block-list\">\n<li><a href=\"https:\/\/samhallsentreprenor.glokala.net\/2024-2025\/modul-2\/modul-2-oversikt\/\" data-type=\"post\" data-id=\"882\">Se veckoplaneringen med teman \u2192<\/a><\/li>\n\n\n\n<li><a href=\"https:\/\/samhallsentreprenor.glokala.net\/2024-2025\/modul-2\/studiematerial-modul-2\/\" data-type=\"post\" data-id=\"884\">Studiematerial f\u00f6r modulen \u2192<\/a><\/li>\n<\/ul>\n\n\n\n<p><strong><a href=\"https:\/\/vimeo.com\/1026075252\/efe3ef479e?share=copy\" data-type=\"link\" data-id=\"https:\/\/vimeo.com\/1026075252\/efe3ef479e?share=copy\">Video med intro:<\/a><\/strong><\/p>\n\n\n\n<figure class=\"wp-block-embed is-type-video is-provider-vimeo wp-block-embed-vimeo wp-embed-aspect-16-9 wp-has-aspect-ratio\"><div class=\"wp-block-embed__wrapper\">\n<iframe loading=\"lazy\" title=\"Intro till Modul 2\" src=\"https:\/\/player.vimeo.com\/video\/1026075252?h=efe3ef479e&amp;dnt=1&amp;app_id=122963\" width=\"640\" height=\"360\" frameborder=\"0\" allow=\"autoplay; fullscreen; picture-in-picture; clipboard-write\"><\/iframe>\n<\/div><\/figure>\n\n\n\n<div style=\"height:29px\" aria-hidden=\"true\" class=\"wp-block-spacer\"><\/div>\n\n\n\n<p>De kommande veckorna f\u00f6rdjupar vi oss inom omr\u00e5den som handlar om ledarskap och l\u00e4rande, gruppdynamik och organisering.<\/p>\n\n\n\n<p>Vilken typ ledarskap beh\u00f6vs inom samh\u00e4llsentrepren\u00f6rskap? Hur kan vi hitta verktyg f\u00f6r att bottna i v\u00e5rt eget ledarskap? \u00c4r ledarskapet bara en fr\u00e5ga f\u00f6r den formellt utn\u00e4mnda ledaren \u2013 eller b\u00f6r vi se ansvaret f\u00f6r ledarskapet som en fr\u00e5ga f\u00f6r hela gruppen?<\/p>\n\n\n\n<p>Hur kan vi skapa v\u00e4l fungerande samarbete i de grupper vi finns i? Vad g\u00f6r vi n\u00e4r det inte fungerar?<\/p>\n\n\n\n<p>Hur organiserar sig verksamheter inom samh\u00e4llsentrepren\u00f6rskap? Vad kan vi l\u00e4ra av olika exempel?<\/p>\n\n\n\n<p>Hur mobiliserar man s\u00e5 att fler vill vara med?<\/p>\n\n\n\n<p>Parallellt med att vi f\u00f6rdjupar oss inom dessa omr\u00e5den, kopplar vi det till de id\u00e9er och initiativ som ni jobbar med att utveckla. Du f\u00e5r g\u00e4rna ta kontakt med oss om du vill ha st\u00f6d i din id\u00e9utveckling. Se mer nedan om tider f\u00f6r samtal som en m\u00f6jlighet.<\/p>\n\n\n\n<p>Den h\u00e4r f\u00f6rsta veckan i modul 2 finns det tid f\u00f6r att ge kommentarer till uppgift 3, Perspektiv p\u00e5 samh\u00e4llsentrepren\u00f6rskap. Vi tipsar ocks\u00e5 om n\u00e5gra evenemang n\u00e4rmaste tiden.<\/p>\n\n\n\n<p>\/August &amp; Fredrik<\/p>\n\n\n\n<hr class=\"wp-block-separator has-alpha-channel-opacity\"\/>\n\n\n\n<h3 class=\"wp-block-heading\">Tips \u2013 f\u00f6r egen reflektion: Hur vill du att dina veckor ska se ut kommande tiden med kursen?<\/h3>\n\n\n\n<p>Nu har vi kommit en bra bit in i kurs\u00e5ret med Samh\u00e4llsentrepren\u00f6r. Vad har g\u00e5tt l\u00e4tt och varit roligt under modul 1 och vad har k\u00e4nts sv\u00e5rt eller utmanande? Fundera g\u00e4rna p\u00e5 vad du beh\u00f6ver f\u00f6r att forts\u00e4ttningen med kursen ska k\u00e4nnas givande och utvecklande. Och f\u00f6r att den inte ska skapa stress. \u00c4r du lagom utmanad? Hur ser en bra vecka ut? Ta g\u00e4rna \u00f6vningarna i Ashokas metodbok till hj\u00e4lp:<\/p>\n\n\n\n<p>Ashokas metodguide: <a href=\"https:\/\/raoulwallenberg.se\/app\/uploads\/2018\/11\/Guide-socialt-entreprenorskap-.pdf\" data-type=\"link\" data-id=\"https:\/\/raoulwallenberg.se\/app\/uploads\/2018\/11\/Guide-socialt-entreprenorskap-.pdf\" target=\"_blank\" rel=\"noreferrer noopener\">Det har aldrig varit l\u00e4ttare att f\u00f6r\u00e4ndra v\u00e4rlden<\/a><br>\u00d6vning 1: Min perfekta dag\/vecka \u2013 s. 118-119 (pdf sidnummer 60).<br>\u00d6vning 2: Lagom utmanad? \u2013 s. 120-121 (pdf sidnummer 61).<\/p>\n\n\n\n<hr class=\"wp-block-separator has-alpha-channel-opacity\"\/>\n\n\n\n<h3 class=\"wp-block-heading\">M\u00f6jlighet: (Nya) tider f\u00f6r samtal \u2013 utveckling av id\u00e9er\/projekt<\/h3>\n\n\n\n<p>August finns tillg\u00e4nglig f\u00f6r samtal om projekt och id\u00e9er, per telefon\/Zoom eller p\u00e5 plats i Malm\u00f6 f\u00f6r er som bor i n\u00e4rheten. <a href=\"https:\/\/samhallsentreprenor.glokala.net\/2024-2025\/kursinfo\/samtalstider\/\" data-type=\"page\" data-id=\"208\">L\u00e4s mer och se tider h\u00e4r \u2192<\/a><br>Passar ingen av tiderna hittar vi s\u00e5klart en annan tid som passar, h\u00f6r av dig!<\/p>\n\n\n\n<p>Samtalet kan vara en m\u00f6jlighet f\u00f6r dig att reflektera kring var du befinner dig just nu och vilka n\u00e4sta steg du planerar i de projekt\/initiativ som du vill utveckla.<\/p>\n\n\n\n<hr class=\"wp-block-separator has-alpha-channel-opacity\"\/>\n\n\n\n<h3 class=\"wp-block-heading\">Tips &#8211; evenemang kommande tiden<\/h3>\n\n\n\n<p>N\u00e5gra exempel p\u00e5 sp\u00e4nnande sammanhang:<\/p>\n\n\n\n<p class=\"has-white-background-color has-background\"><strong>12 nov kl. 16:00-18:00, Stockholm + online:<\/strong> The Promise of Participation \u2013 How collective decision-making can get us to more effective climate policies<br>L\u00e4s mer och anm\u00e4lan: <a href=\"https:\/\/www.peoplepowered.org\/events-content\/stockholm-series-the-promise-of-participation\">https:\/\/www.peoplepowered.org\/events-content\/stockholm-series-the-promise-of-participation<\/a><br>&#8221;\/&#8230;\/ Greta R\u00edos, Co-Executive Director at People Powered, will present inspiring global examples of governments successfully involving citizens in shaping climate policies. Through mechanisms like participatory budgeting, legislative theatres, and other participatory governance models, countries are creating resilient communities and building more democratic climate solutions.&#8221;<\/p>\n\n\n<div class=\"wp-block-image\">\n<figure class=\"aligncenter size-large is-resized\"><a href=\"https:\/\/www.peoplepowered.org\/events-content\/stockholm-series-the-promise-of-participation\"><img decoding=\"async\" src=\"https:\/\/images.squarespace-cdn.com\/content\/v1\/5e96d0e66ae22d58e7c3219f\/1730318881320-AE7TPK19IYEMFSJRUMUA\/Stockholm+Series+%233+-+flyer+horizontal+FINAL.png?format=2500w\" alt=\"\" style=\"width:655px;height:auto\"\/><\/a><\/figure>\n<\/div>\n\n\n<p class=\"has-white-background-color has-background\"><strong>14-15 nov, Skellefte\u00e5 + delvis live-s\u00e4nt: <\/strong>M\u00e4nskliga R\u00e4ttighetsdagarna<br><a href=\"https:\/\/www.mrdagarna.se\/\" target=\"_blank\" rel=\"noreferrer noopener\">https:\/\/www.mrdagarna.se\/<\/a><br>L\u00e4s om delar som lives\u00e4nds: <a href=\"https:\/\/www.mrdagarna.se\/livestream\/\">https:\/\/www.mrdagarna.se\/livestream\/<\/a><\/p>\n\n\n\n<p class=\"has-white-background-color has-background\"><strong>v. 47, olika platser \/ online:<\/strong> Kooperativa veckan 2024<br>L\u00e4s mer och se evenemang: <a href=\"https:\/\/coompanion.se\/coompanion\/kooperativa-veckan-2024\/\">https:\/\/coompanion.se\/coompanion\/kooperativa-veckan-2024\/<\/a><br><em>&#8221;<\/em>Under Kooperativa veckan #47 vill vi p\u00e5 Coompanion sprida kunskap om kooperation och uppm\u00e4rksamma alla de fantastiska kooperativa f\u00f6retag som finns runt om i landet. Tillsammans med dem arrangerar vi ett stort antal aktiviteter i hela Sverige \u2013 och ni \u00e4r v\u00e4lkomna! M\u00e5nga aktiviteter \u00e4r digitala, s\u00e5 det g\u00e5r att vara med var ni \u00e4n befinner er!&#8221;<\/p>\n\n\n<div class=\"wp-block-image\">\n<figure class=\"aligncenter size-full\"><img loading=\"lazy\" decoding=\"async\" width=\"649\" height=\"585\" src=\"https:\/\/samhallsentreprenor.glokala.net\/2024-2025\/wp-content\/uploads\/2024\/11\/Screen-Kooperativa-veckan-2024-Coompanion.png\" alt=\"\" class=\"wp-image-892\" srcset=\"https:\/\/samhallsentreprenor.glokala.net\/2024-2025\/wp-content\/uploads\/2024\/11\/Screen-Kooperativa-veckan-2024-Coompanion.png 649w, https:\/\/samhallsentreprenor.glokala.net\/2024-2025\/wp-content\/uploads\/2024\/11\/Screen-Kooperativa-veckan-2024-Coompanion-300x270.png 300w, https:\/\/samhallsentreprenor.glokala.net\/2024-2025\/wp-content\/uploads\/2024\/11\/Screen-Kooperativa-veckan-2024-Coompanion-624x562.png 624w\" sizes=\"auto, (max-width: 649px) 100vw, 649px\" \/><\/figure>\n<\/div>\n\n\n<p><\/p>\n","protected":false},"excerpt":{"rendered":"<p>V\u00e4lkommen till modul 2 \u2013 kursens andra del! Vi startar i lite lugnt tempo den h\u00e4r veckan, med en introduktion och tid f\u00f6r att ge&hellip;<\/p>\n","protected":false},"author":1,"featured_media":893,"comment_status":"open","ping_status":"closed","sticky":false,"template":"","format":"standard","meta":{"footnotes":""},"categories":[36],"tags":[],"class_list":["post-891","post","type-post","status-publish","format-standard","has-post-thumbnail","hentry","category-modul-2"],"_links":{"self":[{"href":"https:\/\/samhallsentreprenor.glokala.net\/2024-2025\/wp-json\/wp\/v2\/posts\/891","targetHints":{"allow":["GET"]}}],"collection":[{"href":"https:\/\/samhallsentreprenor.glokala.net\/2024-2025\/wp-json\/wp\/v2\/posts"}],"about":[{"href":"https:\/\/samhallsentreprenor.glokala.net\/2024-2025\/wp-json\/wp\/v2\/types\/post"}],"author":[{"embeddable":true,"href":"https:\/\/samhallsentreprenor.glokala.net\/2024-2025\/wp-json\/wp\/v2\/users\/1"}],"replies":[{"embeddable":true,"href":"https:\/\/samhallsentreprenor.glokala.net\/2024-2025\/wp-json\/wp\/v2\/comments?post=891"}],"version-history":[{"count":3,"href":"https:\/\/samhallsentreprenor.glokala.net\/2024-2025\/wp-json\/wp\/v2\/posts\/891\/revisions"}],"predecessor-version":[{"id":1249,"href":"https:\/\/samhallsentreprenor.glokala.net\/2024-2025\/wp-json\/wp\/v2\/posts\/891\/revisions\/1249"}],"wp:featuredmedia":[{"embeddable":true,"href":"https:\/\/samhallsentreprenor.glokala.net\/2024-2025\/wp-json\/wp\/v2\/media\/893"}],"wp:attachment":[{"href":"https:\/\/samhallsentreprenor.glokala.net\/2024-2025\/wp-json\/wp\/v2\/media?parent=891"}],"wp:term":[{"taxonomy":"category","embeddable":true,"href":"https:\/\/samhallsentreprenor.glokala.net\/2024-2025\/wp-json\/wp\/v2\/categories?post=891"},{"taxonomy":"post_tag","embeddable":true,"href":"https:\/\/samhallsentreprenor.glokala.net\/2024-2025\/wp-json\/wp\/v2\/tags?post=891"}],"curies":[{"name":"wp","href":"https:\/\/api.w.org\/{rel}","templated":true}]}}