{"id":1478,"date":"2013-03-11T16:24:09","date_gmt":"2013-03-11T15:24:09","guid":{"rendered":"http:\/\/she2.glokala.se\/?p=1478"},"modified":"2013-04-14T22:00:35","modified_gmt":"2013-04-14T20:00:35","slug":"kontext-sammanhang","status":"publish","type":"post","link":"https:\/\/samhallsentreprenor.glokala.net\/she2\/2013\/03\/kontext-sammanhang\/","title":{"rendered":"Kontext &#038; Sammanhang"},"content":{"rendered":"<h3 style=\"text-align: justify;\">Kontext &amp; Sammanhang<\/h3>\n<p style=\"text-align: justify;\">K\u00e4nslan av att ha ett sammanhang och f\u00f6rm\u00e5gan att kunna s\u00e4tta sig sj\u00e4lv och sitt skapande i en st\u00f6rre kontext beskrivs ofta som avg\u00f6rande faktorer som p\u00e5verkar n\u00e4stan allt vi g\u00f6r. Ibland \u00e4r det hur solklart som helst och man r\u00f6r sig ledigt mellan tankar, inspiration och utmaningar. Andra g\u00e5nger famlar man i blindo och tycker att allt ter sig f\u00f6rvirrande och kanske till och med meningsl\u00f6st.<br \/>\nVad finns det egentligen f\u00f6r sammanhang f\u00f6r en samh\u00e4llsentrepren\u00f6r? Vilka \u00e4r v\u00e5ra verktyg f\u00f6r att g\u00f6ra det egna arbetet begripligt, hanterbart och meningsfullt? Och inom vilken kontext kan samh\u00e4llsentrepren\u00f6ren placera sig i ett st\u00f6rre perspektiv, till exempel i relation till etablerade yrken och \u00e4mnen?<\/p>\n<p style=\"text-align: justify;\">I denna modul f\u00e5r vi chansen att unders\u00f6ka detta n\u00e4rmare! Det \u00e4r stora och \u00f6ppna fr\u00e5gor som snuddar vid filosofiska, psykologiska men ocks\u00e5 praktiska och institutionella aspekter av samh\u00e4llsentrepren\u00f6rskap. Du f\u00e5r v\u00e4lja fritt hur du vill ta dig an \u00e4mnet eller ocks\u00e5 ta f\u00f6r dig av ett av nedanst\u00e5ende f\u00f6rslag som kom upp under internatet.<br \/>\nDu redovisar din f\u00f6rdjupning med en inl\u00e4mning p\u00e5 <b>1-2 A4 eller annan form som du v\u00e4ljer <\/b>den<b> 15 april<\/b>.<br \/>\nForum f\u00f6r uppgiften (inloggad): <a href=\"http:\/\/samhallsentreprenor.glokala.net\/she2\/groups\/fordjupning\/forum\/\" target=\"_blank\">http:\/\/samhallsentreprenor.glokala.net\/she2\/groups\/fordjupning\/forum\/<\/a><br \/>\nSkriv till oss redan denna vecka, och senast m\u00e5ndagen den <b>18 mars<\/b>, om ditt val av tema och uppl\u00e4gg f\u00f6r f\u00f6rdjupningen.<\/p>\n<p style=\"text-align: justify;\"><strong>F\u00f6rslag till teman f\u00f6r f\u00f6rdjupning:<\/strong><\/p>\n<ul>\n<li style=\"text-align: justify;\">Hur hittar andra sitt sammanhang? Ex. intervju med etablerad samh\u00e4llsentrepren\u00f6r.<\/li>\n<li style=\"text-align: justify;\">Hur kan jag anv\u00e4nda gammal och ny kontext f\u00f6r att f\u00f6rst\u00e5 samh\u00e4llsentrepren\u00f6rskap idag?<\/li>\n<li style=\"text-align: justify;\">Relationen samh\u00e4llsentrepren\u00f6rskap och ett redan etablerat &#8221;\u00e4mne&#8221;.<br \/>\nEx. Hur kan sociologin\/socionomer och samh\u00e4llsentrepren\u00f6rer samverka?<\/li>\n<li style=\"text-align: justify;\">Hur n\u00e5s sammanhanget i organiserat arbete? Ex. sociala f\u00f6retag och arbetskooperativ &#8211; hur, var och varf\u00f6r arbetar de i denna form? Vad finns det f\u00f6r arbetsr\u00e4ttsliga aspekter att iaktta och v\u00e4rna om?<\/li>\n<li style=\"text-align: justify;\">Vilket sammanhang \u00e4r n\u00f6dv\u00e4ndigt att skapa\/uppr\u00e4tth\u00e5lla f\u00f6r blivande samh\u00e4llsentrepren\u00f6rer? Ex. utifr\u00e5n egen erfarenhet diskutera begreppet och s\u00e4tt att verka.<\/li>\n<\/ul>\n<p>\/\/\/\/\/\/\/\/\/\/\/\/\/\/\/\/\/\/\/\/\/\/\/\/\/\/\/\/\/\/<wbr \/>\/\/\/\/\/\/\/\/\/\/\/\/\/\/\/<\/p>\n<p><img data-recalc-dims=\"1\" loading=\"lazy\" decoding=\"async\" class=\"alignright\" alt=\"\" src=\"https:\/\/i0.wp.com\/bookhouse.se\/media\/catalog\/product\/cache\/1\/image\/255x\/9df78eab33525d08d6e5fb8d27136e95\/b\/o\/bookimage193.jpg?resize=255%2C255\" width=\"255\" height=\"255\" \/><\/p>\n<h2>Bokcirkel under mars-april<\/h2>\n<p><strong>&#8221;En v\u00e4rld utan fattigdom &#8211; Socialt f\u00f6retagande och kapitalismens framtid&#8221;<\/strong><br \/>\nMuhammad Yunus, 2008.<br \/>\nL\u00e4nk till titeln hos Bookhouse:\u00a0<a href=\"http:\/\/bookhouse.se\/index.php\/bocker\/en-varld-utan-fattigdom.html\" target=\"_blank\">http:\/\/bookhouse.se\/index.php\/<wbr \/>bocker\/en-varld-utan-<wbr \/>fattigdom.html<\/a><\/p>\n<p>Vi startar en bokcirkel till som l\u00f6per fram till det planerade internatet 4-5 maj. Genom f\u00f6rlaget Bookhouse har vi f\u00e5tt ett g\u00e4ng ex av Yunus bok &#8221;En v\u00e4rld utan fattigdom&#8221;. F\u00f6rslaget \u00e4r d\u00e4rf\u00f6r att vi l\u00e4ser den h\u00e4r boken under v\u00e5ren och tar med oss fr\u00e5gor f\u00f6r diskussion och reflektioner n\u00e4r vi ses i maj. Vi skickar boken till er som inte har f\u00e5tt den \u00e4nnu.<\/p>\n<p>Du kan ocks\u00e5 v\u00e4lja att l\u00e4sa en annan bok som du \u00e4r intresserad av (om du redan har l\u00e4st En v\u00e4rld utan fattigdom eller helt enkelt \u00e4r mer nyfiken p\u00e5 en annan bok!).<\/p>\n<p><em>&#8221;En bok om socialt f\u00f6retagande\u2013 en ny f\u00f6retagsform! I En v\u00e4rld utan fattigdom &#8211; socialt f\u00f6retagande och kapitalismens framtid g\u00e5r Yunus vidare, f\u00f6rbi erfarenheterna fr\u00e5n Grameens mikrokrediter, och grundl\u00e4gger konceptet socialt f\u00f6retagande \u2013 det \u00e4r ett nytt s\u00e4tt att till\u00e4mpa f\u00f6retagandets kreativa kraft f\u00f6r att bek\u00e4mpa sociala problem som fattigdom, milj\u00f6f\u00f6rst\u00f6relse, bristf\u00e4llig sjukv\u00e5rd och underm\u00e5lig utbildning.<\/em><\/p>\n<p><em>Fr\u00e5n hans samarbete med Danone, f\u00f6r att producera billig och nyttig yoghurt f\u00f6r undern\u00e4rda barn i Bangladesh, till att bygga \u00f6gonsjukhus som r\u00e4ddar tusentals fattiga m\u00e4nniskor fr\u00e5n att bli blinda. I En v\u00e4rld utan fattigdom ger Yunus en bild av en framtid d\u00e4r tusentals initiativ av socialt f\u00f6retagande har f\u00f6rvandlat v\u00e5r v\u00e4rld, och givit oss en ny, och m\u00e4nskligare form av kapitalism. Och fattigdomen skall f\u00e5 ett eget museum s\u00e5 att vi skall kunna minnas hur det var.&#8221;<\/em><\/p>\n<p>\/\/\/\/\/\/\/\/\/\/\/\/\/\/\/\/\/\/\/\/\/\/\/\/\/\/\/\/\/\/<wbr \/>\/\/\/\/\/\/\/\/\/\/\/\/\/\/\/<\/p>\n<h2>Personliga samtal i april<\/h2>\n<p>Vi vill g\u00e4rna ha mer tid f\u00f6r att prata om utvecklingen i era initiativ och engagemang, och har d\u00e4rf\u00f6r tagit fram f\u00f6rslag p\u00e5 tider f\u00f6r personlig dialog. Tanken \u00e4r att vi kan bolla kring ditt projekt\/id\u00e9 och \u00e4ven prata om engagemang och planer bredare.<\/p>\n<p>Hugg en tid genom att svara i <a href=\"http:\/\/samhallsentreprenor.glokala.net\/she2\/groups\/kursforum\/forum\/topic\/personlig-feeback-tider-i-april\/\" target=\"_blank\">en tr\u00e5d i forumet<\/a> eller maila! Vi ses p\u00e5 plats i Malm\u00f6 p\u00e5 Tryckeriet eller per skype.<br \/>\nDet kan finnas andra chanser att tr\u00e4ffas\/skypa, s\u00e5 h\u00f6r av dig om du inte alls kan n\u00e5gon av de h\u00e4r tiderna.<\/p>\n<p>V\u00e5ra skype-namn \u00e4r:<br \/>\nnilsson.august<br \/>\nhannahfse<\/p>\n<p>L\u00e4nk till forumtr\u00e5d (inloggad): <a href=\"http:\/\/samhallsentreprenor.glokala.net\/she2\/groups\/kursforum\/forum\/topic\/personlig-feeback-tider-i-april\/\" target=\"_blank\">http:\/\/samhallsentreprenor.glokala.net\/she2\/groups\/kursforum\/forum\/topic\/personlig-feeback-tider-i-april\/<\/a><\/p>\n<p><span style=\"text-decoration: underline;\">Tider:<\/span><\/p>\n<p>Onsdag 3 april<br \/>\n17.00 \u2013 17.45<br \/>\n18.00 \u2013 18.45<\/p>\n<p>Torsdag 11 april<br \/>\n17.00 \u2013 17.45<br \/>\n18.00 \u2013 18.45<\/p>\n<p>M\u00e5ndag 15 april<br \/>\n17.00 \u2013 17.45<br \/>\n18.00 \u2013 18.45<\/p>\n<p>M\u00e5ndag 22 april<br \/>\n17.00 \u2013 17.45<br \/>\n18.00 \u2013 18.45<\/p>\n","protected":false},"excerpt":{"rendered":"<p>Kontext &amp; Sammanhang K\u00e4nslan av att ha ett sammanhang och f\u00f6rm\u00e5gan att kunna s\u00e4tta sig sj\u00e4lv och sitt skapande i en st\u00f6rre kontext beskrivs ofta som avg\u00f6rande faktorer som p\u00e5verkar n\u00e4stan allt vi g\u00f6r. Ibland \u00e4r det hur solklart som helst och man r\u00f6r sig ledigt mellan tankar, inspiration och utmaningar. Andra g\u00e5nger famlar man [&hellip;]<\/p>\n","protected":false},"author":2,"featured_media":0,"comment_status":"open","ping_status":"open","sticky":false,"template":"","format":"standard","meta":{"_bbp_topic_count":0,"_bbp_reply_count":0,"_bbp_total_topic_count":0,"_bbp_total_reply_count":0,"_bbp_voice_count":0,"_bbp_anonymous_reply_count":0,"_bbp_topic_count_hidden":0,"_bbp_reply_count_hidden":0,"_bbp_forum_subforum_count":0,"_jetpack_memberships_contains_paid_content":false,"footnotes":""},"categories":[18,141],"tags":[300,10,301,299],"class_list":["post-1478","post","type-post","status-publish","format-standard","hentry","category-inspiration","category-kursmoment","tag-en-varld-utan-fattigdom","tag-samhallsentreprenorskap","tag-sammanhang","tag-yunus"],"jetpack_featured_media_url":"","jetpack_sharing_enabled":true,"_links":{"self":[{"href":"https:\/\/samhallsentreprenor.glokala.net\/she2\/wp-json\/wp\/v2\/posts\/1478","targetHints":{"allow":["GET"]}}],"collection":[{"href":"https:\/\/samhallsentreprenor.glokala.net\/she2\/wp-json\/wp\/v2\/posts"}],"about":[{"href":"https:\/\/samhallsentreprenor.glokala.net\/she2\/wp-json\/wp\/v2\/types\/post"}],"author":[{"embeddable":true,"href":"https:\/\/samhallsentreprenor.glokala.net\/she2\/wp-json\/wp\/v2\/users\/2"}],"replies":[{"embeddable":true,"href":"https:\/\/samhallsentreprenor.glokala.net\/she2\/wp-json\/wp\/v2\/comments?post=1478"}],"version-history":[{"count":7,"href":"https:\/\/samhallsentreprenor.glokala.net\/she2\/wp-json\/wp\/v2\/posts\/1478\/revisions"}],"predecessor-version":[{"id":1480,"href":"https:\/\/samhallsentreprenor.glokala.net\/she2\/wp-json\/wp\/v2\/posts\/1478\/revisions\/1480"}],"wp:attachment":[{"href":"https:\/\/samhallsentreprenor.glokala.net\/she2\/wp-json\/wp\/v2\/media?parent=1478"}],"wp:term":[{"taxonomy":"category","embeddable":true,"href":"https:\/\/samhallsentreprenor.glokala.net\/she2\/wp-json\/wp\/v2\/categories?post=1478"},{"taxonomy":"post_tag","embeddable":true,"href":"https:\/\/samhallsentreprenor.glokala.net\/she2\/wp-json\/wp\/v2\/tags?post=1478"}],"curies":[{"name":"wp","href":"https:\/\/api.w.org\/{rel}","templated":true}]}}