{"id":2912,"date":"2014-09-22T18:45:33","date_gmt":"2014-09-22T16:45:33","guid":{"rendered":"http:\/\/she2.glokala.se\/?p=2912"},"modified":"2014-09-23T08:33:16","modified_gmt":"2014-09-23T06:33:16","slug":"arsplanering","status":"publish","type":"post","link":"https:\/\/samhallsentreprenor.glokala.net\/she2\/2014\/09\/arsplanering\/","title":{"rendered":"\u00c5rsplanering"},"content":{"rendered":"<p>Vi vill g\u00e4rna ge m\u00f6jlighet till feedback fr\u00e5n er som inte kunde n\u00e4rvara under internatet p\u00e5 den planering som d\u00e5 gjordes. Skelettet i tid finns under rubriken <a href=\"http:\/\/samhallsentreprenor.glokala.net\/she2\/kursoversikt-2014-2015\/\" target=\"_blank\" rel=\"nofollow\">Kurs\u00f6versikt 2014-2015<\/a> under fliken Kursinfo i huvudmenyn p\u00e5 plattformen.<\/p>\n<p>I \u00e4mnestr\u00e5den <strong><a href=\"http:\/\/samhallsentreprenor.glokala.net\/she2\/groups\/kursforum-2014-2015\/forum\/topic\/arsplanering\/\">\u00c5rsplanering i kursforumet<\/a><\/strong> finns det m\u00f6jlighet att ge feedback p\u00e5 planeringen genom att fritt l\u00e4gga in sina tankar. H\u00e4r har vi ocks\u00e5 samlat \u00f6vrigt inneh\u00e5ll som vi diskuterade under internatet, men som \u00e4nnu inte ligger i kurs\u00f6versikten. Alla \u00e4r v\u00e4lkomna att skriva, \u00e4ven ni som var p\u00e5 internatet.<\/p>\n<p><strong>Vi vill vi ocks\u00e5 att ni bekr\u00e4ftar de f\u00f6reslagna datumen f\u00f6r n\u00e4sta fysiska internattr\u00e4ff.<\/strong> Detta \u00e4r av speciellt stor betydelse f\u00f6r att vi alla ska kunna planera eventuella resor och \u00f6vrigt.<br \/>\nF\u00f6rslagen \u00e4r: Helgen 24-25 januari eller helgen 31 januari-1 februari.<br \/>\nSkriv ett svar \u2013 fungerar en eller b\u00e5da helgerna f\u00f6r dig? <strong><a href=\"http:\/\/samhallsentreprenor.glokala.net\/she2\/groups\/kursforum-2014-2015\/forum\/topic\/arsplanering\/\">Svara i kursforumet.<\/a><\/strong><\/p>\n<p>En diskussion under internattr\u00e4ffen var om vi skulle kunna g\u00f6ra studiebes\u00f6k till de olika platser d\u00e4r vi finns (Tyskland, Italien, England\u2026). Deltagare i f\u00f6rsta \u00e5ret Samh\u00e4llsentrepren\u00f6r har \u00e4ven bjudit in till Prag. F\u00f6rhoppningsvis kan vi \u00e5terkomma till m\u00f6jligheter att koordinera internationella studiebes\u00f6k.<\/p>\n<h4><b>Anteckningar fr\u00e5n internatet 6-7 september 2014<\/b><\/h4>\n<p><strong>Bild \u2013 teman att jobba med i kursen<\/strong><br \/>\n(utifr\u00e5n de tankar och f\u00f6rslag som presenterades i <a href=\"http:\/\/samhallsentreprenor.glokala.net\/she2\/groups\/kursforum-2014-2015\/forum\/topic\/svar-infor-kursplanering-forvantningar-forhoppningar\/\" target=\"_blank\" rel=\"nofollow\">kursforumet inf\u00f6r internatet<\/a>)<\/p>\n<p><a href=\"https:\/\/i0.wp.com\/samhallsentreprenor.glokala.net\/she2\/wp-content\/uploads\/2014\/09\/IMG_5546-1024x768.jpg\" target=\"_blank\" rel=\"nofollow\"><img data-recalc-dims=\"1\" decoding=\"async\" src=\"https:\/\/i0.wp.com\/samhallsentreprenor.glokala.net\/she2\/wp-content\/uploads\/2014\/09\/IMG_5546-1024x768.jpg?w=400\" alt=\"\"  \/><\/a><\/p>\n<p><strong>Bild \u2013 tidsplan skissad f\u00f6r \u00e5ret:<\/strong><\/p>\n<p><a href=\"https:\/\/i0.wp.com\/samhallsentreprenor.glokala.net\/she2\/wp-content\/uploads\/2014\/09\/IMG_20140907_115214-1024x768.jpg\" target=\"_blank\" rel=\"nofollow\"><img data-recalc-dims=\"1\" decoding=\"async\" src=\"https:\/\/i0.wp.com\/samhallsentreprenor.glokala.net\/she2\/wp-content\/uploads\/2014\/09\/IMG_20140907_115214-1024x768.jpg?w=400\" alt=\"\"  \/><\/a><\/p>\n<h2><strong>Tidsplan och moment<\/strong><\/h2>\n<h4>INRE LIV (1 period v\u00e5r\/h\u00f6st)<\/h4>\n<p>period 1: start under sept till mitten oktober<br \/>\nperiod 2: b\u00f6rjan av april till b\u00f6rjan av maj, l\u00f6per ihop med \u201dFramtid\u201d<\/p>\n<p>INRE LIV handlar under period 1 om teman som:<\/p>\n<ul>\n<li>egna potentialen<\/li>\n<li>ledarskap<\/li>\n<li>samarbete<\/li>\n<\/ul>\n<h4>EKONOMI (1 period v\u00e5r\/h\u00f6st)<\/h4>\n<p>period 1: start mitten oktober \u2013 slutet november<br \/>\nperiod 2: start b\u00f6rjan av januari \u2013 mitten av februari<\/p>\n<p>Ekonomi handlar under period 1 om teman som:<\/p>\n<ul>\n<li>starta upp \u2013 organisera sin verksamhet, bootstrap<\/li>\n<li>finansieringsm\u00f6jligheter<\/li>\n<li>m\u00e4ta effekter: sociala bokslut<\/li>\n<li>marknadsf\u00f6ring<\/li>\n<\/ul>\n<h4>MITT SAMMANHANG (1 period v\u00e5r\/h\u00f6st)<\/h4>\n<p>period 1: start slutet november \u2013 januari<br \/>\nperiod 2: mitten av februari \u2013 mars<\/p>\n<p>MITT SAMMANHANG handlar under period 1 om teman som:<\/p>\n<ul>\n<li>finna sitt sammanhang \u2013 m\u00e5lgrupp\/n\u00e4tverk &amp; m\u00f6tesplatser<\/li>\n<li>design thinking<\/li>\n<li>impact orientation<\/li>\n<\/ul>\n<h4>FRAMTID<\/h4>\n<p>En period under slutet av kursen (maj) f\u00f6r att reflektera och blicka fram\u00e5t.<\/p>\n<h4>PARALLELLT UNDER KURS\u00c5RET<\/h4>\n<p>\u2013 Bokcirkel \u2013 l\u00f6pande \u00f6ver h\u00f6sten fram till internattr\u00e4ff i januari<br \/>\n1 gemensam bok \u00a0\u2013 v\u00e4ljs under internatet i jan<br \/>\n1 valfri bok (2 skype-tillf\u00e4llen under h\u00f6sten)<br \/>\n\u2013 Feedback, samtal kopplat till projekt\/id\u00e9utveckling<br \/>\n\u2013 Resor &amp; studiebes\u00f6k<br \/>\n\u2013 Utblick \/ inspiration<br \/>\n\u2013 Coaching<\/p>\n<p>::::::::::::::::::::::::::::::::::<\/p>\n<p><strong>Former \u2013 vilka former f\u00f6r kommunikation och moment ska vi anv\u00e4nda under kursen?<\/strong><br \/>\nUnder s\u00f6ndagen p\u00e5 internatet hade vi ett pass d\u00e4r vi t\u00e4nkte tillsammans om de olika m\u00f6jligheter vi har, och diskuterade hur kommunikationen b\u00e4st kan fungera under kursen. En rad olika former n\u00e4mndes, och n\u00e5got som uttrycktes tydligt var att ha m\u00f6jlighet till interaktionen live med varandra, via skype, telefon eller motsvarande.<\/p>\n<ul>\n<li>Tid f\u00f6r f\u00f6rdjupning<\/li>\n<li>Video<\/li>\n<li>Ljud<\/li>\n<li>Telefon<\/li>\n<li>Skype \/ Google hangouts \/ Webinars<\/li>\n<li>Samtal diskussion live<\/li>\n<li>Bokcirkel<\/li>\n<li>Inl\u00e4mningsuppgifter \u2013 Fri form \u2013 Feedback\/kommentarer \u2013 Struktur\/ostrukturerat en balans<\/li>\n<li>Coachning<\/li>\n<li>Studiebes\u00f6k\/intervjuer<\/li>\n<li>Skapa animationer<\/li>\n<\/ul>\n","protected":false},"excerpt":{"rendered":"<p>Vi vill g\u00e4rna ge m\u00f6jlighet till feedback fr\u00e5n er som inte kunde n\u00e4rvara under internatet p\u00e5 den planering som d\u00e5 gjordes. Skelettet i tid finns under rubriken Kurs\u00f6versikt 2014-2015 under fliken Kursinfo i huvudmenyn p\u00e5 plattformen. I \u00e4mnestr\u00e5den \u00c5rsplanering i kursforumet finns det m\u00f6jlighet att ge feedback p\u00e5 planeringen genom att fritt l\u00e4gga in sina [&hellip;]<\/p>\n","protected":false},"author":17,"featured_media":0,"comment_status":"open","ping_status":"open","sticky":false,"template":"","format":"standard","meta":{"_bbp_topic_count":0,"_bbp_reply_count":0,"_bbp_total_topic_count":0,"_bbp_total_reply_count":0,"_bbp_voice_count":0,"_bbp_anonymous_reply_count":0,"_bbp_topic_count_hidden":0,"_bbp_reply_count_hidden":0,"_bbp_forum_subforum_count":0,"_jetpack_memberships_contains_paid_content":false,"footnotes":""},"categories":[141],"tags":[],"class_list":["post-2912","post","type-post","status-publish","format-standard","hentry","category-kursmoment"],"jetpack_featured_media_url":"","jetpack_sharing_enabled":true,"_links":{"self":[{"href":"https:\/\/samhallsentreprenor.glokala.net\/she2\/wp-json\/wp\/v2\/posts\/2912","targetHints":{"allow":["GET"]}}],"collection":[{"href":"https:\/\/samhallsentreprenor.glokala.net\/she2\/wp-json\/wp\/v2\/posts"}],"about":[{"href":"https:\/\/samhallsentreprenor.glokala.net\/she2\/wp-json\/wp\/v2\/types\/post"}],"author":[{"embeddable":true,"href":"https:\/\/samhallsentreprenor.glokala.net\/she2\/wp-json\/wp\/v2\/users\/17"}],"replies":[{"embeddable":true,"href":"https:\/\/samhallsentreprenor.glokala.net\/she2\/wp-json\/wp\/v2\/comments?post=2912"}],"version-history":[{"count":4,"href":"https:\/\/samhallsentreprenor.glokala.net\/she2\/wp-json\/wp\/v2\/posts\/2912\/revisions"}],"predecessor-version":[{"id":2937,"href":"https:\/\/samhallsentreprenor.glokala.net\/she2\/wp-json\/wp\/v2\/posts\/2912\/revisions\/2937"}],"wp:attachment":[{"href":"https:\/\/samhallsentreprenor.glokala.net\/she2\/wp-json\/wp\/v2\/media?parent=2912"}],"wp:term":[{"taxonomy":"category","embeddable":true,"href":"https:\/\/samhallsentreprenor.glokala.net\/she2\/wp-json\/wp\/v2\/categories?post=2912"},{"taxonomy":"post_tag","embeddable":true,"href":"https:\/\/samhallsentreprenor.glokala.net\/she2\/wp-json\/wp\/v2\/tags?post=2912"}],"curies":[{"name":"wp","href":"https:\/\/api.w.org\/{rel}","templated":true}]}}