{"id":3462,"date":"2015-03-02T09:03:22","date_gmt":"2015-03-02T08:03:22","guid":{"rendered":"http:\/\/she2.glokala.se\/?p=3462"},"modified":"2015-03-05T10:03:16","modified_gmt":"2015-03-05T09:03:16","slug":"input-en-del-av-ett-vaxande-sammanhang","status":"publish","type":"post","link":"https:\/\/samhallsentreprenor.glokala.net\/she2\/2015\/03\/input-en-del-av-ett-vaxande-sammanhang\/","title":{"rendered":"Input: En del av ett v\u00e4xande sammanhang"},"content":{"rendered":"<p>I rollen som samh\u00e4llsentrepren\u00f6r kan det v\u00e4xla mellan k\u00e4nslan av att vara en udda f\u00e5gel &#8211; n\u00e5got annorlunda &#8211; till att andra dagar k\u00e4nnas som om v\u00e5ra id\u00e9er och initiativ passar precis r\u00e4tt in i vad som sker runtomkring oss. Just den senaste tiden har det kommit n\u00e5gra nya initiativ i Sverige som visar p\u00e5 ett \u00f6kat intresse fr\u00e5n offentligt h\u00e5ll, till att bidra med mindre finansiering till nyskapande initiativ. Ska vi se detta som ett tecken i tiden?<\/p>\n<p><strong>Innovationsmyndigheten Vinnova<\/strong> h\u00e5ller den h\u00e4r veckan <a title=\"S\u00f6k st\u00f6d till social innovation \u2013 informationsm\u00f6ten i Stockholm, G\u00f6teborg och Malm\u00f6\" href=\"http:\/\/samhallsentreprenor.glokala.net\/she2\/2015\/02\/sok-stod-till-social-innovation-informationsmoten-i-stockholm-goteborg-och-malmo\/\" target=\"_blank\">informationsm\u00f6ten p\u00e5 flera h\u00e5ll i landet<\/a> d\u00e4r de ber\u00e4ttar om en ny utlysning f\u00f6r social innovation. Seminariet i Stockholm 3 mars finns att se i efterhand:<br \/>\n<iframe loading=\"lazy\" src=\"http:\/\/embed.bambuser.com\/broadcast\/5323473\" width=\"460\" height=\"259\" frameborder=\"0\">Your browser does not support iframes.<\/iframe><\/p>\n<p><a href=\"http:\/\/www.businessregion.se\/sv\/finansieringsstod-socialt-foretagande\" target=\"_blank\"><strong>G\u00f6teborg<\/strong> har initierat ett lokalt st\u00f6d till socialt f\u00f6retagande<\/a>, med tv\u00e5 miljoner i potten \u00f6ver \u00e5ren 2014-2016.<br \/>\n<em>&#8221;Po\u00e4ngen med socialt f\u00f6retagande \u00e4r att samh\u00e4llsnytta g\u00e5r f\u00f6re vinstintresse. Men \u00e4ven om man inte drivs av pengar, s\u00e5 beh\u00f6ver man pengar f\u00f6r att driva ett projekt eller en verksamhet. D\u00e4rf\u00f6r ger vi dig nu chansen att ans\u00f6ka om finansiellt st\u00f6d och r\u00e5dgivning f\u00f6r aff\u00e4rsutveckling. Vi ser det som en hj\u00e4lpande hand till dig som vill hj\u00e4lpa andra.&#8221;<\/em><\/p>\n<p><strong>I G\u00f6teborg planeras \u00e4ven tv\u00e5 sp\u00e4nnande kv\u00e4llar med live-crowdfunding i april<\/strong>, h\u00e4r handlar det verkligen om att skapa ett sammanhang d\u00e4r lokala initiativ f\u00e5r ta plats. Emma som \u00e4r deltagare i <a href=\"http:\/\/www.samhallsentreprenor.glokala.se\/2014-2015\/\" target=\"_blank\">grund\u00e5ret<\/a> arbetar med initiativet, som g\u00e5r under namnet &#8221;REconomy GBG&#8221;:<\/p>\n<p><img data-recalc-dims=\"1\" loading=\"lazy\" decoding=\"async\" class=\"alignnone size-full wp-image-1721\" src=\"https:\/\/i0.wp.com\/www.samhallsentreprenor.glokala.se\/2014-2015\/wp-content\/uploads\/2015\/03\/headerbl%C3%A4nkare.jpg?resize=604%2C259\" alt=\"headerbl\u00e4nkare\" width=\"604\" height=\"259\" \/><br \/>\n<em>\u201dV\u00e4lkommen p\u00e5 tv\u00e5 event d\u00e4r vi tillsammans stimulerar den lokala ekonomin och utmanar den traditionella synen p\u00e5 investeringar. Vi testar konceptet \u201dCrowdfunding i realtid\u201d. Lokala omst\u00e4llningsf\u00f6retag och initiativ kommer medverka och presentera sin verksamhet och sina behov. Du som deltagare kommer p\u00e5 plats kunna investera i de id\u00e9er, projekt och verksamheter du vill st\u00f6tta eller se f\u00f6rverkligas.<\/em><br \/>\n<em>Nyfiken? Se filmklippet fr\u00e5n ett liknande event i England \u201dLocal Entrepreneur Forum Totnes 2014\u2033<\/em> <a href=\"https:\/\/vimeo.com\/101401822\" rel=\"nofollow\">https:\/\/vimeo.com\/101401822<\/a> &#8221;<br \/>\n<a href=\"https:\/\/www.facebook.com\/reconomygbg\" target=\"_blank\">L\u00e4s mer p\u00e5 facebook \u2192<\/a><\/p>\n<p><strong><a href=\"http:\/\/socialinnovatorsconnected.org\/apply-here\/\" target=\"_blank\" rel=\"attachment wp-att-3463\"><img data-recalc-dims=\"1\" loading=\"lazy\" decoding=\"async\" class=\"alignright size-full wp-image-3463\" src=\"https:\/\/i0.wp.com\/samhallsentreprenor.glokala.net\/she2\/wp-content\/uploads\/2015\/03\/11038402_10152777559101475_6981401834406562899_n.jpg?resize=504%2C504\" alt=\"11038402_10152777559101475_6981401834406562899_n\" width=\"504\" height=\"504\" srcset=\"https:\/\/i0.wp.com\/samhallsentreprenor.glokala.net\/she2\/wp-content\/uploads\/2015\/03\/11038402_10152777559101475_6981401834406562899_n.jpg?w=504&amp;ssl=1 504w, https:\/\/i0.wp.com\/samhallsentreprenor.glokala.net\/she2\/wp-content\/uploads\/2015\/03\/11038402_10152777559101475_6981401834406562899_n.jpg?resize=150%2C150&amp;ssl=1 150w, https:\/\/i0.wp.com\/samhallsentreprenor.glokala.net\/she2\/wp-content\/uploads\/2015\/03\/11038402_10152777559101475_6981401834406562899_n.jpg?resize=400%2C400&amp;ssl=1 400w\" sizes=\"auto, (max-width: 504px) 100vw, 504px\" \/><\/a><\/strong><strong>\u00c4ven p\u00e5 internationell niv\u00e5 dyker det upp en rad inbjudningar till evenemang<\/strong> f\u00f6r att tr\u00e4ffas och skapare starkare n\u00e4tverk &#8211; f\u00f6r aktiva inom social innovation och samh\u00e4llsentrepren\u00f6rskap. Ett exempel \u00e4r <a href=\"http:\/\/socialinnovatorsconnected.org\/\" target=\"_blank\"><strong>Social Innovators Connected<\/strong><\/a>, n\u00e4sta g\u00e5ng i Riga 14-17 maj &#8211; ans\u00f6k f\u00f6r att delta senast 8 mars.<br \/>\nInplanerat \u00e4r \u00e4ven dagar i Rom 24-27 september &#8211; tips s\u00e4rskilt till dig Tanja <a class='bp-suggestions-mention' href='https:\/\/samhallsentreprenor.glokala.net\/she2\/members\/tanja_n\/' rel='nofollow'>@tanja_n<\/a> !<\/p>\n<p><strong>Ett annat exempel \u00e4r <a href=\"http:\/\/2015.ouisharefest.com\/\" target=\"_blank\">OuiShare Fest<\/a><\/strong> som arrangeras f\u00f6r tredje \u00e5ret i rad 20-22 maj i Paris &#8211; med fullt fokus p\u00e5 kollaborativ ekonomi:<br \/>\n<em>&#8221;In its 3rd year, the event will gather 1000 people to explore the future of movements such as collaborative consumption, open source, makers and fablabs, coworking, crowdfunding, alternative currencies and horizontal governance &#8211; movements that are transforming cities, organizations and civic action worldwide.&#8221;<\/em><\/p>\n","protected":false},"excerpt":{"rendered":"<p>I rollen som samh\u00e4llsentrepren\u00f6r kan det v\u00e4xla mellan k\u00e4nslan av att vara en udda f\u00e5gel &#8211; n\u00e5got annorlunda &#8211; till att andra dagar k\u00e4nnas som om v\u00e5ra id\u00e9er och initiativ passar precis r\u00e4tt in i vad som sker runtomkring oss. Just den senaste tiden har det kommit n\u00e5gra nya initiativ i Sverige som visar p\u00e5 [&hellip;]<\/p>\n","protected":false},"author":1001021,"featured_media":0,"comment_status":"open","ping_status":"open","sticky":false,"template":"","format":"standard","meta":{"_bbp_topic_count":0,"_bbp_reply_count":0,"_bbp_total_topic_count":0,"_bbp_total_reply_count":0,"_bbp_voice_count":0,"_bbp_anonymous_reply_count":0,"_bbp_topic_count_hidden":0,"_bbp_reply_count_hidden":0,"_bbp_forum_subforum_count":0,"_jetpack_memberships_contains_paid_content":false,"footnotes":""},"categories":[18,141],"tags":[488,512,10,301,14,511],"class_list":["post-3462","post","type-post","status-publish","format-standard","hentry","category-inspiration","category-kursmoment","tag-ouishare","tag-reconomy-gbg","tag-samhallsentreprenorskap","tag-sammanhang","tag-social-innovation","tag-social-innovators-connected"],"jetpack_featured_media_url":"","jetpack_sharing_enabled":true,"_links":{"self":[{"href":"https:\/\/samhallsentreprenor.glokala.net\/she2\/wp-json\/wp\/v2\/posts\/3462","targetHints":{"allow":["GET"]}}],"collection":[{"href":"https:\/\/samhallsentreprenor.glokala.net\/she2\/wp-json\/wp\/v2\/posts"}],"about":[{"href":"https:\/\/samhallsentreprenor.glokala.net\/she2\/wp-json\/wp\/v2\/types\/post"}],"author":[{"embeddable":true,"href":"https:\/\/samhallsentreprenor.glokala.net\/she2\/wp-json\/wp\/v2\/users\/1001021"}],"replies":[{"embeddable":true,"href":"https:\/\/samhallsentreprenor.glokala.net\/she2\/wp-json\/wp\/v2\/comments?post=3462"}],"version-history":[{"count":1,"href":"https:\/\/samhallsentreprenor.glokala.net\/she2\/wp-json\/wp\/v2\/posts\/3462\/revisions"}],"predecessor-version":[{"id":3464,"href":"https:\/\/samhallsentreprenor.glokala.net\/she2\/wp-json\/wp\/v2\/posts\/3462\/revisions\/3464"}],"wp:attachment":[{"href":"https:\/\/samhallsentreprenor.glokala.net\/she2\/wp-json\/wp\/v2\/media?parent=3462"}],"wp:term":[{"taxonomy":"category","embeddable":true,"href":"https:\/\/samhallsentreprenor.glokala.net\/she2\/wp-json\/wp\/v2\/categories?post=3462"},{"taxonomy":"post_tag","embeddable":true,"href":"https:\/\/samhallsentreprenor.glokala.net\/she2\/wp-json\/wp\/v2\/tags?post=3462"}],"curies":[{"name":"wp","href":"https:\/\/api.w.org\/{rel}","templated":true}]}}