{"id":4335,"date":"2016-03-07T10:39:53","date_gmt":"2016-03-07T09:39:53","guid":{"rendered":"http:\/\/samhallsentreprenor.glokala.net\/she2\/?p=4335"},"modified":"2016-03-07T10:39:53","modified_gmt":"2016-03-07T09:39:53","slug":"klimatpodden-om-kollaborativ-ekonomi","status":"publish","type":"post","link":"https:\/\/samhallsentreprenor.glokala.net\/she2\/2016\/03\/klimatpodden-om-kollaborativ-ekonomi\/","title":{"rendered":"Klimatpodden om kollaborativ ekonomi"},"content":{"rendered":"<p><em>Tips &#8211; Emma \u00d6hrwall som studerade Samh\u00e4llsentrepren\u00f6r f\u00f6rra \u00e5ret <a href=\"http:\/\/www.klimatpodden.se\/uncategorized\/13-emma-ohrwall-kollaborativ-ekonomi-ar-framtiden\/\" target=\"_blank\">pratar kollaborativ ekonomi i Klimatpodden<\/a>:<\/em><\/p>\n<p><iframe loading=\"lazy\" title=\"#13 Emma \u00d6hrwall \u2013 Kollaborativ ekonomi \u00e4r framtiden by Klimatpodden\" width=\"500\" height=\"400\" scrolling=\"no\" frameborder=\"no\" src=\"https:\/\/w.soundcloud.com\/player\/?visual=true&#038;url=https%3A%2F%2Fapi.soundcloud.com%2Ftracks%2F248977760&#038;show_artwork=true&#038;maxheight=750&#038;maxwidth=500\"><\/iframe><\/p>\n<blockquote><p>&#8221;Vi tr\u00e4ffades p\u00e5 mitt kontor i G\u00f6teborg i slutet av januari f\u00f6r att prata om vad som utm\u00e4rker den kollaborativa ekonomin. Var finns den? Vilka \u00e4r f\u00f6rdelarna, nackdelarna och kanske till och med riskerna? Och hur \u00e4r det egentligen med Airbnb? \u00c4r det verkligen ett exempel p\u00e5 kollaborativ ekonomi eller n\u00e5got helt annat?<\/p>\n<p><strong>Mer information:<\/strong><\/p>\n<p><strong><a href=\"http:\/\/www.thepeoplewhoshare.com\/benita-matofska\/\" target=\"_blank\" rel=\"nofollow\">Benita Matofska<\/a><\/strong>: f\u00f6rfattare, entrepren\u00f6r och expert p\u00e5 sharing economy. St\u00e5r bakom Global Sharing week.<br \/>\n<strong><a href=\"https:\/\/www.youtube.com\/watch?v=rsmcuz9PemE\" target=\"_blank\" rel=\"nofollow\">TED-talk<\/a><\/strong> med Benita Matofska om sharing economy.<\/p>\n<p class=\"p1\"><span class=\"s1\"><strong><a href=\"http:\/\/www.kollekogbg.se\/\" target=\"_blank\" rel=\"nofollow\">F\u00f6reningen Kollaborativ Ekonomi G\u00f6teborg<\/a><\/strong>,\u00a0<\/span><span class=\"s1\">med en karta \u00f6ver kollaborativa initiativ i G\u00f6teborg<\/span><\/p>\n<p class=\"p1\"><strong><a href=\"https:\/\/emmaohrwall.wordpress.com\/\" target=\"_blank\" rel=\"nofollow\">Emmas blogg<\/a><\/strong><\/p>\n<p class=\"p1\"><strong><a href=\"https:\/\/emmaohrwall.wordpress.com\/2015\/11\/01\/min-c-uppsats-om-kollaborativ-konsumtion-varsagoda\/\" target=\"_blank\" rel=\"nofollow\">Emmas c-uppsats<\/a><\/strong>: Tillg\u00e5ng framf\u00f6r \u00e4gande -drivkrafterna bakom kollaborativ konsumtion.<\/p>\n<p class=\"p1\"><strong><a href=\"http:\/\/www.cradlenet.se\/\" target=\"_blank\" rel=\"nofollow\">Cradle Net<\/a>: <\/strong>Ett n\u00e4tverk av arkitekter, kemister, producenter, formgivare, ekostrateger m.fl som arbetar f\u00f6r att till\u00e4mpa och sprida kunskap om cirkul\u00e4r ekonomi.&#8221;<\/p>\n<\/blockquote>\n","protected":false},"excerpt":{"rendered":"<p>Tips &#8211; Emma \u00d6hrwall som studerade Samh\u00e4llsentrepren\u00f6r f\u00f6rra \u00e5ret pratar kollaborativ ekonomi i Klimatpodden: &#8221;Vi tr\u00e4ffades p\u00e5 mitt kontor i G\u00f6teborg i slutet av januari f\u00f6r att prata om vad som utm\u00e4rker den kollaborativa ekonomin. Var finns den? Vilka \u00e4r f\u00f6rdelarna, nackdelarna och kanske till och med riskerna? Och hur \u00e4r det egentligen med Airbnb? [&hellip;]<\/p>\n","protected":false},"author":1001021,"featured_media":0,"comment_status":"open","ping_status":"open","sticky":false,"template":"","format":"standard","meta":{"_bbp_topic_count":0,"_bbp_reply_count":0,"_bbp_total_topic_count":0,"_bbp_total_reply_count":0,"_bbp_voice_count":0,"_bbp_anonymous_reply_count":0,"_bbp_topic_count_hidden":0,"_bbp_reply_count_hidden":0,"_bbp_forum_subforum_count":0,"_jetpack_memberships_contains_paid_content":false,"footnotes":""},"categories":[18],"tags":[420,589,493],"class_list":["post-4335","post","type-post","status-publish","format-standard","hentry","category-inspiration","tag-hallbar-ekonomi","tag-klimatpodden","tag-kollaborativ-ekonomi"],"jetpack_featured_media_url":"","jetpack_sharing_enabled":true,"_links":{"self":[{"href":"https:\/\/samhallsentreprenor.glokala.net\/she2\/wp-json\/wp\/v2\/posts\/4335","targetHints":{"allow":["GET"]}}],"collection":[{"href":"https:\/\/samhallsentreprenor.glokala.net\/she2\/wp-json\/wp\/v2\/posts"}],"about":[{"href":"https:\/\/samhallsentreprenor.glokala.net\/she2\/wp-json\/wp\/v2\/types\/post"}],"author":[{"embeddable":true,"href":"https:\/\/samhallsentreprenor.glokala.net\/she2\/wp-json\/wp\/v2\/users\/1001021"}],"replies":[{"embeddable":true,"href":"https:\/\/samhallsentreprenor.glokala.net\/she2\/wp-json\/wp\/v2\/comments?post=4335"}],"version-history":[{"count":1,"href":"https:\/\/samhallsentreprenor.glokala.net\/she2\/wp-json\/wp\/v2\/posts\/4335\/revisions"}],"predecessor-version":[{"id":4336,"href":"https:\/\/samhallsentreprenor.glokala.net\/she2\/wp-json\/wp\/v2\/posts\/4335\/revisions\/4336"}],"wp:attachment":[{"href":"https:\/\/samhallsentreprenor.glokala.net\/she2\/wp-json\/wp\/v2\/media?parent=4335"}],"wp:term":[{"taxonomy":"category","embeddable":true,"href":"https:\/\/samhallsentreprenor.glokala.net\/she2\/wp-json\/wp\/v2\/categories?post=4335"},{"taxonomy":"post_tag","embeddable":true,"href":"https:\/\/samhallsentreprenor.glokala.net\/she2\/wp-json\/wp\/v2\/tags?post=4335"}],"curies":[{"name":"wp","href":"https:\/\/api.w.org\/{rel}","templated":true}]}}