{"id":4470,"date":"2016-04-29T16:06:05","date_gmt":"2016-04-29T14:06:05","guid":{"rendered":"http:\/\/samhallsentreprenor.glokala.net\/she2\/?p=4470"},"modified":"2016-04-29T16:08:04","modified_gmt":"2016-04-29T14:08:04","slug":"tips-i-malmo-social-innovation-day-2016","status":"publish","type":"post","link":"https:\/\/samhallsentreprenor.glokala.net\/she2\/2016\/04\/tips-i-malmo-social-innovation-day-2016\/","title":{"rendered":"Tips i Malm\u00f6: Social Innovation Day 2016"},"content":{"rendered":"<p><img data-recalc-dims=\"1\" loading=\"lazy\" decoding=\"async\" class=\" wp-image-4471 aligncenter\" src=\"https:\/\/i0.wp.com\/samhallsentreprenor.glokala.net\/she2\/wp-content\/uploads\/2016\/04\/Ska%CC%88rmavbild-2016-04-29-kl.-16.04.23-400x147.png?resize=441%2C162\" alt=\"Social innovation day 2016\" width=\"441\" height=\"162\" srcset=\"https:\/\/i0.wp.com\/samhallsentreprenor.glokala.net\/she2\/wp-content\/uploads\/2016\/04\/Ska%CC%88rmavbild-2016-04-29-kl.-16.04.23.png?resize=400%2C147&amp;ssl=1 400w, https:\/\/i0.wp.com\/samhallsentreprenor.glokala.net\/she2\/wp-content\/uploads\/2016\/04\/Ska%CC%88rmavbild-2016-04-29-kl.-16.04.23.png?resize=624%2C229&amp;ssl=1 624w, https:\/\/i0.wp.com\/samhallsentreprenor.glokala.net\/she2\/wp-content\/uploads\/2016\/04\/Ska%CC%88rmavbild-2016-04-29-kl.-16.04.23.png?resize=750%2C275&amp;ssl=1 750w, https:\/\/i0.wp.com\/samhallsentreprenor.glokala.net\/she2\/wp-content\/uploads\/2016\/04\/Ska%CC%88rmavbild-2016-04-29-kl.-16.04.23.png?w=765&amp;ssl=1 765w\" sizes=\"auto, (max-width: 441px) 100vw, 441px\" \/><\/p>\n<h5>3 juni kl 9.00 &#8211; 16.30 i Malm\u00f6<\/h5>\n<p>\u00c5ret som har g\u00e5tt har bjudit p\u00e5 omv\u00e4lvande h\u00e4ndelser med stora flyktingstr\u00f6mmar och p\u00e5frestningar f\u00f6r samh\u00e4llsystemen. Men det har ocks\u00e5 visat kraft och styrka fr\u00e5n id\u00e9burna organisationer och enskilda samh\u00e4llsentrepren\u00f6rer som genom stort engagemang och innovationskraft har visat p\u00e5 nya s\u00e4tt att \u00f6ppna, v\u00e4lkomna och inkludera.<\/p>\n<p>Nu \u00e5terupprepar vi f\u00f6rra \u00e5rets succ\u00e9 och \u00e4gnar en dag enbart \u00e5t att lyfta fram nya s\u00e4tt att driva samh\u00e4llsutveckling &#8211; i \u00e5r kommer vi fokusera s\u00e4rskilt p\u00e5 verksamheter som g\u00f6r social innovation kopplat till flyktingmottagande och inkludering\/integration.<\/p>\n<p>Kom och fira alla grymma initiativ med oss!<\/p>\n<p>Programmet \u00e4r fortfarande under utveckling, men ni kommer att f\u00e5 tr\u00e4ffa bland andra:<br \/>\nEnsamkommandes F\u00f6rbund &#8211; <a href=\"http:\/\/ensamkommandesforbund.se\/\" target=\"_blank\" rel=\"nofollow nofollow\">http:\/\/<wbr \/>ensamkommandesforbund.se\/<br \/>\n<\/a>Gatukraft Lind\u00e4ngen &#8211;<a href=\"http:\/\/xprs.imcreator.com\/free\/gatukraft\/gatukraft-lindangen\" target=\"_blank\" rel=\"nofollow nofollow\">http:\/\/xprs.imcreator.com\/<wbr \/>free\/gatukraft\/<wbr \/>gatukraft-lindangen<br \/>\n<\/a>Stiftelsen Ester &#8211; <a href=\"http:\/\/www.stiftelsenester.se\/\" target=\"_blank\" rel=\"nofollow nofollow\">http:\/\/<wbr \/>www.stiftelsenester.se\/<br \/>\n<\/a>Kompis Sverige <a href=\"http:\/\/l.facebook.com\/l.php?u=http%3A%2F%2Fkompissverige.se%2F&amp;h=IAQGMCfkK&amp;enc=AZPmVKs5G7KPzVn9opX0n2R28ojmdxUmWQtRKE9grOijlgJMM4dXWbP6kwK5vYSlA4w&amp;s=1\" target=\"_blank\" rel=\"nofollow nofollow\">http:\/\/kompissverige.se\/<br \/>\n<\/a>R\u00e5drum <a href=\"http:\/\/radrumskane.se\/\" target=\"_blank\" rel=\"nofollow nofollow\">http:\/\/radrumskane.se\/<\/a> och m\u00e5nga fler.<\/p>\n<p>Vi avslutar dagen med After work, bubbel och Science Slam!<\/p>\n<p>Gratis intr\u00e4de, men begr\u00e4nsat antal platser. Anm\u00e4lan p\u00e5\u00a0<a href=\"http:\/\/l.facebook.com\/l.php?u=http%3A%2F%2Fsimplesignup.se%2Fevent%2F77037&amp;h=aAQFfVl-l&amp;enc=AZMCBrZSXav4tyEC3kF5o03wghCs2qGQNgOdcSZUwnb0BpJ9MclUOByNEb7XOU-ge2M&amp;s=1\" target=\"_blank\" rel=\"nofollow nofollow\">http:\/\/simplesignup.se\/<wbr \/>event\/77037<br \/>\n<\/a>Facebookevent:\u00a0<a href=\"https:\/\/www.facebook.com\/events\/1736336186589096\/\">https:\/\/www.facebook.com\/events\/1736336186589096\/<\/a><br \/>\nSe uppdaterat program inom kort p\u00e5 <a href=\"http:\/\/socialinnovationskane.se\/\" target=\"_blank\" rel=\"nofollow nofollow\">http:\/\/<wbr \/>socialinnovationskane.se\/<\/a><\/p>\n","protected":false},"excerpt":{"rendered":"<p>3 juni kl 9.00 &#8211; 16.30 i Malm\u00f6 \u00c5ret som har g\u00e5tt har bjudit p\u00e5 omv\u00e4lvande h\u00e4ndelser med stora flyktingstr\u00f6mmar och p\u00e5frestningar f\u00f6r samh\u00e4llsystemen. Men det har ocks\u00e5 visat kraft och styrka fr\u00e5n id\u00e9burna organisationer och enskilda samh\u00e4llsentrepren\u00f6rer som genom stort engagemang och innovationskraft har visat p\u00e5 nya s\u00e4tt att \u00f6ppna, v\u00e4lkomna och inkludera. Nu [&hellip;]<\/p>\n","protected":false},"author":1001020,"featured_media":0,"comment_status":"open","ping_status":"open","sticky":false,"template":"","format":"standard","meta":{"_bbp_topic_count":0,"_bbp_reply_count":0,"_bbp_total_topic_count":0,"_bbp_total_reply_count":0,"_bbp_voice_count":0,"_bbp_anonymous_reply_count":0,"_bbp_topic_count_hidden":0,"_bbp_reply_count_hidden":0,"_bbp_forum_subforum_count":0,"_jetpack_memberships_contains_paid_content":false,"footnotes":""},"categories":[8],"tags":[],"class_list":["post-4470","post","type-post","status-publish","format-standard","hentry","category-evenemang"],"jetpack_featured_media_url":"","jetpack_sharing_enabled":true,"_links":{"self":[{"href":"https:\/\/samhallsentreprenor.glokala.net\/she2\/wp-json\/wp\/v2\/posts\/4470","targetHints":{"allow":["GET"]}}],"collection":[{"href":"https:\/\/samhallsentreprenor.glokala.net\/she2\/wp-json\/wp\/v2\/posts"}],"about":[{"href":"https:\/\/samhallsentreprenor.glokala.net\/she2\/wp-json\/wp\/v2\/types\/post"}],"author":[{"embeddable":true,"href":"https:\/\/samhallsentreprenor.glokala.net\/she2\/wp-json\/wp\/v2\/users\/1001020"}],"replies":[{"embeddable":true,"href":"https:\/\/samhallsentreprenor.glokala.net\/she2\/wp-json\/wp\/v2\/comments?post=4470"}],"version-history":[{"count":3,"href":"https:\/\/samhallsentreprenor.glokala.net\/she2\/wp-json\/wp\/v2\/posts\/4470\/revisions"}],"predecessor-version":[{"id":4474,"href":"https:\/\/samhallsentreprenor.glokala.net\/she2\/wp-json\/wp\/v2\/posts\/4470\/revisions\/4474"}],"wp:attachment":[{"href":"https:\/\/samhallsentreprenor.glokala.net\/she2\/wp-json\/wp\/v2\/media?parent=4470"}],"wp:term":[{"taxonomy":"category","embeddable":true,"href":"https:\/\/samhallsentreprenor.glokala.net\/she2\/wp-json\/wp\/v2\/categories?post=4470"},{"taxonomy":"post_tag","embeddable":true,"href":"https:\/\/samhallsentreprenor.glokala.net\/she2\/wp-json\/wp\/v2\/tags?post=4470"}],"curies":[{"name":"wp","href":"https:\/\/api.w.org\/{rel}","templated":true}]}}