{"id":4967,"date":"2017-02-13T10:21:44","date_gmt":"2017-02-13T09:21:44","guid":{"rendered":"http:\/\/samhallsentreprenor.glokala.net\/she2\/?p=4967"},"modified":"2017-02-13T10:21:44","modified_gmt":"2017-02-13T09:21:44","slug":"tema-hallbarhetsmalen-en-global-agenda","status":"publish","type":"post","link":"https:\/\/samhallsentreprenor.glokala.net\/she2\/2017\/02\/tema-hallbarhetsmalen-en-global-agenda\/","title":{"rendered":"Tema: H\u00e5llbarhetsm\u00e5len &#8211; en global agenda"},"content":{"rendered":"<p>I september 2015 <a href=\"https:\/\/sustainabledevelopment.un.org\/post2015\/transformingourworld\" target=\"_blank\">antog<\/a> FN 17 h\u00e5llbarhetsm\u00e5l (Sustainable Development Goals) f\u00f6r perioden fram till 2030. De nya m\u00e5len bygger vidare p\u00e5 Milleniem\u00e5len. H\u00e5llbarhetsm\u00e5len \u00e4r resultatet av en l\u00e5ng konsultationsprocess, och g\u00e4ller f\u00f6r alla l\u00e4nder globalt. I det h\u00e4r temat unders\u00f6ker vi m\u00e5len n\u00e4rmre. Vad handlar de om? P\u00e5 vilket s\u00e4tt de \u00e4r relevanta f\u00f6r oss?<\/p>\n<p><a href=\"https:\/\/sustainabledevelopment.un.org\/sdgs\" target=\"_blank\"><img data-recalc-dims=\"1\" loading=\"lazy\" decoding=\"async\" class=\"alignnone size-large wp-image-4968\" src=\"https:\/\/i0.wp.com\/samhallsentreprenor.glokala.net\/she2\/wp-content\/uploads\/2017\/02\/SDG_POSTER_SE_partner-1024x663.png?resize=1024%2C663\" alt=\"\" width=\"1024\" height=\"663\" srcset=\"https:\/\/i0.wp.com\/samhallsentreprenor.glokala.net\/she2\/wp-content\/uploads\/2017\/02\/SDG_POSTER_SE_partner.png?resize=1024%2C663&amp;ssl=1 1024w, https:\/\/i0.wp.com\/samhallsentreprenor.glokala.net\/she2\/wp-content\/uploads\/2017\/02\/SDG_POSTER_SE_partner.png?resize=400%2C259&amp;ssl=1 400w, https:\/\/i0.wp.com\/samhallsentreprenor.glokala.net\/she2\/wp-content\/uploads\/2017\/02\/SDG_POSTER_SE_partner.png?resize=768%2C497&amp;ssl=1 768w, https:\/\/i0.wp.com\/samhallsentreprenor.glokala.net\/she2\/wp-content\/uploads\/2017\/02\/SDG_POSTER_SE_partner.png?resize=624%2C404&amp;ssl=1 624w, https:\/\/i0.wp.com\/samhallsentreprenor.glokala.net\/she2\/wp-content\/uploads\/2017\/02\/SDG_POSTER_SE_partner.png?resize=750%2C485&amp;ssl=1 750w, https:\/\/i0.wp.com\/samhallsentreprenor.glokala.net\/she2\/wp-content\/uploads\/2017\/02\/SDG_POSTER_SE_partner.png?resize=2048%2C1325&amp;ssl=1 2048w, https:\/\/i0.wp.com\/samhallsentreprenor.glokala.net\/she2\/wp-content\/uploads\/2017\/02\/SDG_POSTER_SE_partner.png?w=3000&amp;ssl=1 3000w\" sizes=\"auto, (max-width: 1000px) 100vw, 1000px\" \/><\/a><\/p>\n<p><strong>Video &#8211; <a href=\"https:\/\/youtu.be\/RpqVmvMCmp0\" target=\"_blank\">&#8217;We The People&#8217; for The Global Goals<\/a><\/strong><\/p>\n<p><iframe loading=\"lazy\" title=\"&#039;We The People&#039; for The Global Goals | Global Goals\" width=\"500\" height=\"281\" src=\"https:\/\/www.youtube.com\/embed\/RpqVmvMCmp0?feature=oembed\" frameborder=\"0\" allow=\"accelerometer; autoplay; clipboard-write; encrypted-media; gyroscope; picture-in-picture; web-share\" referrerpolicy=\"strict-origin-when-cross-origin\" allowfullscreen><\/iframe><\/p>\n<p><strong>Reflektera:<\/strong><\/p>\n<ul>\n<li>Ta en titt p\u00e5 <a href=\"https:\/\/sustainabledevelopment.un.org\/sdgs\" target=\"_blank\">de 17 m\u00e5len<\/a>. Vilka tre tycker du \u00e4r viktigast, om du var tvungen att v\u00e4lja? \u00c4r det meningsfullt att bara arbeta med n\u00e5gra av m\u00e5len?<\/li>\n<li>Om du t\u00e4nker p\u00e5 ditt initiativ \/ projekt i ljuset av h\u00e5llbarhetsm\u00e5len &#8211; vilka av m\u00e5len arbetar du med i ditt initiativ?<\/li>\n<\/ul>\n<p><strong>\u00c4r det m\u00f6jligt att n\u00e5 m\u00e5len? Hur kan vi h\u00e5lla p\u00e5 koll p\u00e5 utvecklingen?<\/strong><br \/>\nI den h\u00e4r videon ber\u00e4ttar Michael Green om h\u00e5llbarhetsm\u00e5len och ett verktyg f\u00f6r att f\u00f6lja utvecklingen &#8211; <a href=\"http:\/\/www.socialprogressimperative.org\/global-index\/\" target=\"_blank\">Social Progress Index<\/a>:<\/p>\n<p><a href=\"https:\/\/www.ted.com\/talks\/michael_green_how_we_can_make_the_world_a_better_place_by_2030?language=en\" target=\"_blank\">Video &#8211; How we can make the world a better place by 2030<\/a> (TED Talk, September 2015)<\/p>\n<p><iframe loading=\"lazy\" src=\"https:\/\/embed.ted.com\/talks\/lang\/en\/michael_green_how_we_can_make_the_world_a_better_place_by_2030\" width=\"640\" height=\"360\" frameborder=\"0\" scrolling=\"no\" allowfullscreen=\"allowfullscreen\"><\/iframe><\/p>\n<p><!--more-->:::::::::::::::::::::::::::::::::::::::::::::::::::::<\/p>\n<p><em>F\u00f6rdjupning:<\/em><\/p>\n<p>Lyssna p\u00e5 <a href=\"http:\/\/www.actionsquare.org\/globalagenda\/\" target=\"_blank\">Action Square:s podcast<\/a> om m\u00e5len som publiceras under v\u00e5ren &#8211; h\u00e4r \u00e4r det f\u00f6rsta avsnittet med fokus p\u00e5 &#8221;1. Ingen fattigdom&#8221;:<\/p>\n<p><iframe loading=\"lazy\" title=\"Global Agenda S01E01: En vision att st\u00e5 bakom. Ingen fattigdom. by Action Square\" width=\"500\" height=\"400\" scrolling=\"no\" frameborder=\"no\" src=\"https:\/\/w.soundcloud.com\/player\/?visual=true&#038;url=https%3A%2F%2Fapi.soundcloud.com%2Ftracks%2F304428717&#038;show_artwork=true&#038;maxheight=750&#038;maxwidth=500\"><\/iframe><\/p>\n","protected":false},"excerpt":{"rendered":"<p>I september 2015 antog FN 17 h\u00e5llbarhetsm\u00e5l (Sustainable Development Goals) f\u00f6r perioden fram till 2030. De nya m\u00e5len bygger vidare p\u00e5 Milleniem\u00e5len. H\u00e5llbarhetsm\u00e5len \u00e4r resultatet av en l\u00e5ng konsultationsprocess, och g\u00e4ller f\u00f6r alla l\u00e4nder globalt. I det h\u00e4r temat unders\u00f6ker vi m\u00e5len n\u00e4rmre. Vad handlar de om? P\u00e5 vilket s\u00e4tt de \u00e4r relevanta f\u00f6r oss? [&hellip;]<\/p>\n","protected":false},"author":1001021,"featured_media":0,"comment_status":"open","ping_status":"open","sticky":false,"template":"","format":"standard","meta":{"_bbp_topic_count":0,"_bbp_reply_count":0,"_bbp_total_topic_count":0,"_bbp_total_reply_count":0,"_bbp_voice_count":0,"_bbp_anonymous_reply_count":0,"_bbp_topic_count_hidden":0,"_bbp_reply_count_hidden":0,"_bbp_forum_subforum_count":0,"_jetpack_memberships_contains_paid_content":false,"footnotes":""},"categories":[18,141],"tags":[602,186,604,603],"class_list":["post-4967","post","type-post","status-publish","format-standard","hentry","category-inspiration","category-kursmoment","tag-globala-malen","tag-hallbar-utveckling","tag-social-progress-index","tag-sustainable-development-goals"],"jetpack_featured_media_url":"","jetpack_sharing_enabled":true,"_links":{"self":[{"href":"https:\/\/samhallsentreprenor.glokala.net\/she2\/wp-json\/wp\/v2\/posts\/4967","targetHints":{"allow":["GET"]}}],"collection":[{"href":"https:\/\/samhallsentreprenor.glokala.net\/she2\/wp-json\/wp\/v2\/posts"}],"about":[{"href":"https:\/\/samhallsentreprenor.glokala.net\/she2\/wp-json\/wp\/v2\/types\/post"}],"author":[{"embeddable":true,"href":"https:\/\/samhallsentreprenor.glokala.net\/she2\/wp-json\/wp\/v2\/users\/1001021"}],"replies":[{"embeddable":true,"href":"https:\/\/samhallsentreprenor.glokala.net\/she2\/wp-json\/wp\/v2\/comments?post=4967"}],"version-history":[{"count":2,"href":"https:\/\/samhallsentreprenor.glokala.net\/she2\/wp-json\/wp\/v2\/posts\/4967\/revisions"}],"predecessor-version":[{"id":4970,"href":"https:\/\/samhallsentreprenor.glokala.net\/she2\/wp-json\/wp\/v2\/posts\/4967\/revisions\/4970"}],"wp:attachment":[{"href":"https:\/\/samhallsentreprenor.glokala.net\/she2\/wp-json\/wp\/v2\/media?parent=4967"}],"wp:term":[{"taxonomy":"category","embeddable":true,"href":"https:\/\/samhallsentreprenor.glokala.net\/she2\/wp-json\/wp\/v2\/categories?post=4967"},{"taxonomy":"post_tag","embeddable":true,"href":"https:\/\/samhallsentreprenor.glokala.net\/she2\/wp-json\/wp\/v2\/tags?post=4967"}],"curies":[{"name":"wp","href":"https:\/\/api.w.org\/{rel}","templated":true}]}}