{"id":6174,"date":"2018-08-27T09:25:05","date_gmt":"2018-08-27T07:25:05","guid":{"rendered":"http:\/\/samhallsentreprenor.glokala.net\/she2\/?p=6174"},"modified":"2019-09-04T10:10:25","modified_gmt":"2019-09-04T08:10:25","slug":"uppstart","status":"publish","type":"post","link":"https:\/\/samhallsentreprenor.glokala.net\/she2\/2018\/08\/uppstart\/","title":{"rendered":"v 36 Uppstart!"},"content":{"rendered":"<h4><strong>Idag s\u00e4tter vi ig\u00e5ng Samh\u00e4llsentrepren\u00f6r f\u00f6rdjupning &#8211; v\u00e4lkommen!<\/strong><\/h4>\n<p>Vi ser fram emot att f\u00e5 jobba kring sp\u00e4nnande teman tillsammans med er!<\/p>\n<p>De f\u00f6rsta tre veckorna fram till kurstr\u00e4ffen 15-16 september blir en tid f\u00f6r uppstart, och den h\u00e4r veckan b\u00f6rjar vi med lite material som inspiration och tv\u00e5 inledande uppgifter som du hittar nedan:\u00a0<em>Personlig presentation<\/em> och <em>Kursplanering &#8211; f\u00f6rv\u00e4ntningar och f\u00f6rslag<\/em>.<\/p>\n<p>Kursmaterial fr\u00e5n tidigare \u00e5rs kurser ligger kvar p\u00e5 plattformen, kika g\u00e4rna om ni \u00e4r nyfikna. Deltagarna fr\u00e5n tidigare \u00e5r finns ocks\u00e5 fortfarande registrerade p\u00e5 plattformen, ni kan se att det finns m\u00e5nga anv\u00e4ndare under<a href=\"http:\/\/samhallsentreprenor.glokala.net\/she2\/members\/\" target=\"_blank\" rel=\"noopener noreferrer\"> \u201dDeltagare\u201d<\/a>. <a href=\"http:\/\/samhallsentreprenor.glokala.net\/she2\/groups\/kursforum-2018-2019\/\" target=\"_blank\" rel=\"noopener noreferrer\">Kursformet<\/a> f\u00f6r v\u00e5r kurs 2018-2019 \u00e4r dock bara synligt f\u00f6r oss som deltar i kursen denna omg\u00e5ng.<\/p>\n<h3>Den digitala kursplattformen, n\u00e5gra f\u00f6rsta steg:<\/h3>\n<ol>\n<li><strong>Att logga in:<\/strong> P\u00e5 <strong><a href=\"http:\/\/samhallsentreprenor.glokala.net\/she2\/\" target=\"_blank\" rel=\"noopener noreferrer\">startsidan<\/a><\/strong> finns det ett f\u00e4lt f\u00f6r att logga in med de uppgifter vi har skickat till din email. Om du inte hittar eller kommer ih\u00e5g ditt l\u00f6senord kan du <strong><a href=\"http:\/\/samhallsentreprenor.glokala.net\/she2\/wp-login.php?action=lostpassword\" target=\"_blank\" rel=\"noopener noreferrer\">f\u00e5 ett nytt h\u00e4r<\/a><\/strong>.<br \/>\nSom inloggad f\u00e5r du ett f\u00e4lt i toppen av sidan med rubriker, till h\u00f6ger finns \u201dHej, [ditt namn]\u201d. Under den rubriken finns flera alternativ f\u00f6r din profil p\u00e5 kursplattformen.<\/li>\n<li><strong>Byt ut ditt l\u00f6senord<\/strong> till ett som du sj\u00e4lv best\u00e4mmer. Du g\u00f6r detta genom att g\u00e5 in p\u00e5: Inst\u00e4llningar \u2192 Allm\u00e4nt.<\/li>\n<li><strong>F\u00f6r att ladda upp en bild till din profil <\/strong>g\u00e5r du in p\u00e5 Profil \u2192 Byt profilbild.<br \/>\n(Integritet: Profilbilden blir publikt synlig, \u00e4ven f\u00f6r den som inte \u00e4r inloggad p\u00e5 kursplattformen.)<\/li>\n<li><strong>Kursforum f\u00f6r tankar, fr\u00e5gor och uppgifter<a href=\"http:\/\/samhallsentreprenor.glokala.net\/she2\/groups\/kursforum-2018-2019\/\" target=\"_blank\" rel=\"noopener noreferrer\"> hittar du h\u00e4r<\/a>.\u00a0<\/strong><\/li>\n<li><strong>Kalendarium med tips p\u00e5 evenemang<\/strong>. Vi fyller p\u00e5 l\u00f6pande med tips p\u00e5 evenemang som ser sp\u00e4nnande ut med koppling till samh\u00e4llsentrepren\u00f6rskap, <strong><a href=\"http:\/\/samhallsentreprenor.glokala.net\/she2\/evenemang\/\" target=\"_blank\" rel=\"noopener noreferrer\">kika och tipsa g\u00e4rna!<\/a><\/strong><\/li>\n<\/ol>\n<h3>Uppgift: Din presentation<\/h3>\n<p>F\u00f6r att vi som ska f\u00f6ljas \u00e5t i denna kurs ska\u00a0l\u00e4ra k\u00e4nna varandra lite ber vi er att g\u00f6ra en kort presentation\u00a0i kursforumet <strong>senast den 7 sept<\/strong>. Du kan tex ta hj\u00e4lp av dessa fr\u00e5gor i din presentation:<\/p>\n<ul>\n<li>Var bor du \/ var \u00e4r du verksam?<\/li>\n<li>Har du l\u00e4st grund\u00e5ret\u00a0i samh\u00e4llsentrepren\u00f6rskap p\u00e5 Glokala? Is\u00e5fall n\u00e4r?<\/li>\n<li>Vad \u00e4r\u00a0din bakgrund, t.ex. i tidigare projekt?<\/li>\n<li>Vad \u00e4r du engagerad i? Beskriv ett eller flera initiativ\/verksamheter som du \u00e4r involverad i.<\/li>\n<li>Vilka kompetenser vill du dela med dig av? Vad kan man fr\u00e5ga dig om?<\/li>\n<li>Finns det n\u00e5got som du \u00e4r i behov av eller s\u00f6ker efter (kontakter, kompetenser)?<\/li>\n<li>Ev l\u00e4nk till hemsida \/ blogg \/ sociala medier?<\/li>\n<\/ul>\n<p>L\u00e4gg din presentation som ett svar <a href=\"http:\/\/samhallsentreprenor.glokala.net\/she2\/groups\/kursforum-2018-2019\/forum\/topic\/uppgift-presentation-av-kursdeltagare\/#post-6176\" target=\"_blank\" rel=\"noopener noreferrer\">i denna tr\u00e5d i kursforumet (inloggad) &#8211;&gt;<\/a><span style=\"color: #ff0000;\">\u00a0<\/span><\/p>\n<h3>Uppgift: Kursplanering &#8211; f\u00f6rv\u00e4ntningar &amp; f\u00f6rslag<\/h3>\n<p>Om n\u00e5gra veckor ses vi f\u00f6r <strong>kursens f\u00f6rsta tr\u00e4ff<\/strong>. Det blir ett tillf\u00e4lle att l\u00e4ra k\u00e4nna varandra, <img data-recalc-dims=\"1\" loading=\"lazy\" decoding=\"async\" class=\"alignright size-medium wp-image-6192\" src=\"https:\/\/i0.wp.com\/samhallsentreprenor.glokala.net\/she2\/wp-content\/uploads\/2018\/08\/bild-Hannah-214x400-214x400.jpg?resize=214%2C400&#038;ssl=1\" alt=\"\" width=\"214\" height=\"400\" \/>samtala och inspireras. En del av tiden kommer vi att \u00e4gna \u00e5t kursplaneringen och det du \u00f6nskar av kursen i form av inneh\u00e5ll och metoder.<\/p>\n<p>I denna f\u00f6rdjupningskurs \u00e4r tanken att kunna utforska fr\u00e5gor som \u00e4r obesvarade, och att gr\u00e4va djupare inom olika omr\u00e5den och kompetenser som \u00e4r aktuella och angel\u00e4gna f\u00f6r dig, i relation till den id\u00e9 eller projekt du vill utveckla.\u00a0Vi vill d\u00e4rf\u00f6r att du beskriver dina f\u00f6rv\u00e4ntningar p\u00e5 kursen.<br \/>\n<em style=\"font-size: 1rem;\">&#8211;&gt; Hur ser dina f\u00f6rv\u00e4ntningar ut? Vad vill du l\u00e4ra dig, uppleva, inspireras av? Vilka fr\u00e5gor vill du unders\u00f6ka i kursen? Vad vill du bidra och inspirera de andra kursdeltagarna med? Det kan t ex handla om inneh\u00e5ll, form, teman, fokus, kursmaterial och tempo.<\/em><span style=\"font-size: 1rem;\">\u00a0<\/span><\/p>\n<p>Vi har gjort en <strong><a href=\"https:\/\/samhallsentreprenor.glokala.net\/she2\/kursoversikt-2018-2019\/\" target=\"_blank\" rel=\"noopener noreferrer\">kursplanering<\/a>\u00a0<\/strong>utifr\u00e5n vad deltagare tidigare \u00e5r\u00a0har \u00f6nskat och behov vi m\u00e4rkt av, men vi vill att du ser den som ett inspirerande f\u00f6rslag som du har m\u00f6jlighet att p\u00e5verka och f\u00f6r\u00e4ndra inneh\u00e5llet i.<br \/>\n<em>&#8211;&gt; Titta p\u00e5 kursplaneringen &#8211; st\u00e4mmer dina f\u00f6rv\u00e4ntningar p\u00e5 kursen \u00f6verens med planen? Finns de fr\u00e5gor och teman som du vill utforska i kursen representerade i kursplaneringen? Saknar du n\u00e5got?\u00a0<\/em><\/p>\n<p>Dela med dig av dina tankar och funderingar kring detta till varandra i kursforumet. K\u00e4nn dig fri att skriva kortare eller l\u00e4ngre.<\/p>\n<p><strong>Deadline<\/strong>: 12 september<\/p>\n<p><strong>Inl\u00e4mning\/svar:<\/strong> Via tr\u00e5d i kursforumet \u2013 <a href=\"http:\/\/samhallsentreprenor.glokala.net\/she2\/groups\/kursforum-2018-2019\/forum\/topic\/uppgift-kursplanering-forvantningar-forslag\/#post-6177\" target=\"_blank\" rel=\"noopener noreferrer\">klicka h\u00e4r f\u00f6r att komma dit (inloggad) \u2192<\/a><\/p>\n<p>Det g\u00e5r s\u00e5klart ocks\u00e5 bra att maila oss med f\u00f6rslag och funderingar, men i f\u00f6rsta hand vill vi skapa en form av brainstormning p\u00e5 kursforumet som vi alla kan se och ta del av.<\/p>\n<p>::::::::::::::::::::::::::::::::::::::<\/p>\n<h3>Tips!<\/h3>\n<p>H\u00e4r har vi sammanst\u00e4llt n\u00e5gra tips om <a href=\"https:\/\/samhallsentreprenor.glokala.net\/she2\/studieteknik-och-personlig-arbetsmiljo\/\" target=\"_blank\" rel=\"noopener noreferrer\">studieteknik och personlig arbetsmilj\u00f6<\/a>.<\/p>\n<p>Vi vill \u00e4ven tipsa om f\u00f6reteelsen <a href=\"http:\/\/hoffice.nu\/sv\/\" target=\"_blank\" rel=\"noopener noreferrer\">Hoffice<\/a>\u00a0&#8211; kanske hittar du ett sammanhang att plugga\/jobba i med andra eller inspireras av hoffice-metoden f\u00f6r din egen dag.<\/p>\n<p>::::::::::::::::::::::::::::::::::::::<\/p>\n<h3>Inspiration<\/h3>\n<p>Kort och illustrativt om Social innovation, med Kanada som exempel:<\/p>\n<p><iframe loading=\"lazy\" src=\"https:\/\/player.vimeo.com\/video\/60114688\" width=\"640\" height=\"360\" frameborder=\"0\" allowfullscreen=\"allowfullscreen\"><\/iframe><\/p>\n<p><a href=\"https:\/\/vimeo.com\/60114688\">What is social innovation?<\/a> from <a href=\"https:\/\/vimeo.com\/sig\">Social Innovation Generation<\/a> on <a href=\"https:\/\/vimeo.com\">Vimeo<\/a>.<\/p>\n<p>&nbsp;<\/p>\n<h5>H\u00e4r hittar du n\u00e5gra exempel p\u00e5 sociala innovationer och samh\u00e4llsentrepren\u00f6r i Sk\u00e5ne som <a href=\"http:\/\/socialinnovationskane.se\/100-sociala-innovationer\/\" target=\"_blank\" rel=\"noopener noreferrer\">Social Innovation Sk\u00e5ne<\/a> ber\u00e4ttar om. Klicka p\u00e5 bilderna nedan f\u00f6r att komma till ber\u00e4ttelserna.<\/h5>\n<p><a href=\"http:\/\/socialinnovationskane.se\/100-sociala-innovationer-\/handiscover\/\" target=\"_blank\" rel=\"noopener noreferrer\"><img data-recalc-dims=\"1\" loading=\"lazy\" decoding=\"async\" class=\"wp-image-5309 aligncenter\" src=\"https:\/\/i0.wp.com\/samhallsentreprenor.glokala.net\/she2\/wp-content\/uploads\/2017\/08\/Ska%CC%88rmavbild-2017-08-18-kl.-11.32.09-400x103.png?resize=739%2C190\" alt=\"\" width=\"739\" height=\"190\" srcset=\"https:\/\/i0.wp.com\/samhallsentreprenor.glokala.net\/she2\/wp-content\/uploads\/2017\/08\/Ska%CC%88rmavbild-2017-08-18-kl.-11.32.09.png?resize=400%2C103&amp;ssl=1 400w, https:\/\/i0.wp.com\/samhallsentreprenor.glokala.net\/she2\/wp-content\/uploads\/2017\/08\/Ska%CC%88rmavbild-2017-08-18-kl.-11.32.09.png?resize=768%2C197&amp;ssl=1 768w, https:\/\/i0.wp.com\/samhallsentreprenor.glokala.net\/she2\/wp-content\/uploads\/2017\/08\/Ska%CC%88rmavbild-2017-08-18-kl.-11.32.09.png?resize=1024%2C263&amp;ssl=1 1024w, https:\/\/i0.wp.com\/samhallsentreprenor.glokala.net\/she2\/wp-content\/uploads\/2017\/08\/Ska%CC%88rmavbild-2017-08-18-kl.-11.32.09.png?resize=624%2C160&amp;ssl=1 624w, https:\/\/i0.wp.com\/samhallsentreprenor.glokala.net\/she2\/wp-content\/uploads\/2017\/08\/Ska%CC%88rmavbild-2017-08-18-kl.-11.32.09.png?resize=750%2C193&amp;ssl=1 750w, https:\/\/i0.wp.com\/samhallsentreprenor.glokala.net\/she2\/wp-content\/uploads\/2017\/08\/Ska%CC%88rmavbild-2017-08-18-kl.-11.32.09.png?w=1090&amp;ssl=1 1090w\" sizes=\"auto, (max-width: 739px) 100vw, 739px\" \/><\/a><\/p>\n<p><a href=\"http:\/\/socialinnovationskane.se\/100-sociala-innovationer-\/rescued-fruits\/\" target=\"_blank\" rel=\"noopener noreferrer\"><img data-recalc-dims=\"1\" loading=\"lazy\" decoding=\"async\" class=\"wp-image-5312 aligncenter\" src=\"https:\/\/i0.wp.com\/samhallsentreprenor.glokala.net\/she2\/wp-content\/uploads\/2017\/08\/Ska%CC%88rmavbild-2017-08-18-kl.-11.41.02-400x96.png?resize=734%2C176\" alt=\"\" width=\"734\" height=\"176\" srcset=\"https:\/\/i0.wp.com\/samhallsentreprenor.glokala.net\/she2\/wp-content\/uploads\/2017\/08\/Ska%CC%88rmavbild-2017-08-18-kl.-11.41.02.png?resize=400%2C96&amp;ssl=1 400w, https:\/\/i0.wp.com\/samhallsentreprenor.glokala.net\/she2\/wp-content\/uploads\/2017\/08\/Ska%CC%88rmavbild-2017-08-18-kl.-11.41.02.png?resize=768%2C184&amp;ssl=1 768w, https:\/\/i0.wp.com\/samhallsentreprenor.glokala.net\/she2\/wp-content\/uploads\/2017\/08\/Ska%CC%88rmavbild-2017-08-18-kl.-11.41.02.png?resize=1024%2C246&amp;ssl=1 1024w, https:\/\/i0.wp.com\/samhallsentreprenor.glokala.net\/she2\/wp-content\/uploads\/2017\/08\/Ska%CC%88rmavbild-2017-08-18-kl.-11.41.02.png?resize=624%2C150&amp;ssl=1 624w, https:\/\/i0.wp.com\/samhallsentreprenor.glokala.net\/she2\/wp-content\/uploads\/2017\/08\/Ska%CC%88rmavbild-2017-08-18-kl.-11.41.02.png?resize=750%2C180&amp;ssl=1 750w, https:\/\/i0.wp.com\/samhallsentreprenor.glokala.net\/she2\/wp-content\/uploads\/2017\/08\/Ska%CC%88rmavbild-2017-08-18-kl.-11.41.02.png?w=1088&amp;ssl=1 1088w\" sizes=\"auto, (max-width: 734px) 100vw, 734px\" \/><\/a><\/p>\n<p><a href=\"http:\/\/socialinnovationskane.se\/100-sociala-innovationer-\/mollans-basement\/\" target=\"_blank\" rel=\"noopener noreferrer\"><img data-recalc-dims=\"1\" loading=\"lazy\" decoding=\"async\" class=\"wp-image-5313 aligncenter\" src=\"https:\/\/i0.wp.com\/samhallsentreprenor.glokala.net\/she2\/wp-content\/uploads\/2017\/08\/Ska%CC%88rmavbild-2017-08-18-kl.-11.43.27-400x95.png?resize=737%2C175\" alt=\"\" width=\"737\" height=\"175\" srcset=\"https:\/\/i0.wp.com\/samhallsentreprenor.glokala.net\/she2\/wp-content\/uploads\/2017\/08\/Ska%CC%88rmavbild-2017-08-18-kl.-11.43.27.png?resize=400%2C95&amp;ssl=1 400w, https:\/\/i0.wp.com\/samhallsentreprenor.glokala.net\/she2\/wp-content\/uploads\/2017\/08\/Ska%CC%88rmavbild-2017-08-18-kl.-11.43.27.png?resize=768%2C183&amp;ssl=1 768w, https:\/\/i0.wp.com\/samhallsentreprenor.glokala.net\/she2\/wp-content\/uploads\/2017\/08\/Ska%CC%88rmavbild-2017-08-18-kl.-11.43.27.png?resize=1024%2C244&amp;ssl=1 1024w, https:\/\/i0.wp.com\/samhallsentreprenor.glokala.net\/she2\/wp-content\/uploads\/2017\/08\/Ska%CC%88rmavbild-2017-08-18-kl.-11.43.27.png?resize=624%2C149&amp;ssl=1 624w, https:\/\/i0.wp.com\/samhallsentreprenor.glokala.net\/she2\/wp-content\/uploads\/2017\/08\/Ska%CC%88rmavbild-2017-08-18-kl.-11.43.27.png?resize=750%2C179&amp;ssl=1 750w, https:\/\/i0.wp.com\/samhallsentreprenor.glokala.net\/she2\/wp-content\/uploads\/2017\/08\/Ska%CC%88rmavbild-2017-08-18-kl.-11.43.27.png?w=1087&amp;ssl=1 1087w\" sizes=\"auto, (max-width: 737px) 100vw, 737px\" \/><\/a><\/p>\n<p>Kuriosa: Balqis p\u00e5 M\u00f6llans Basement \u00e4r tidigare deltagare p\u00e5 Glokala folkh\u00f6gskolan och har g\u00e5tt Samh\u00e4llsentrepren\u00f6r och Samh\u00e4llsentrepren\u00f6r f\u00f6rdjupning.<\/p>\n<p>:::::::::::::::::::::::::::::::::::::::<\/p>\n<p>Varma h\u00e4lsningar,<br \/>\nEmma &amp; August<\/p>\n<p><img data-recalc-dims=\"1\" loading=\"lazy\" decoding=\"async\" class=\"wp-image-5239 alignleft\" src=\"https:\/\/i0.wp.com\/samhallsentreprenor.glokala.net\/she2\/wp-content\/uploads\/2011\/09\/Emma-portra%CC%88tt-400x395.jpeg?resize=147%2C145\" alt=\"\" width=\"147\" height=\"145\" srcset=\"https:\/\/i0.wp.com\/samhallsentreprenor.glokala.net\/she2\/wp-content\/uploads\/2011\/09\/Emma-portra%CC%88tt.jpeg?resize=400%2C395&amp;ssl=1 400w, https:\/\/i0.wp.com\/samhallsentreprenor.glokala.net\/she2\/wp-content\/uploads\/2011\/09\/Emma-portra%CC%88tt.jpeg?resize=768%2C759&amp;ssl=1 768w, https:\/\/i0.wp.com\/samhallsentreprenor.glokala.net\/she2\/wp-content\/uploads\/2011\/09\/Emma-portra%CC%88tt.jpeg?resize=1024%2C1012&amp;ssl=1 1024w, https:\/\/i0.wp.com\/samhallsentreprenor.glokala.net\/she2\/wp-content\/uploads\/2011\/09\/Emma-portra%CC%88tt.jpeg?resize=624%2C616&amp;ssl=1 624w, https:\/\/i0.wp.com\/samhallsentreprenor.glokala.net\/she2\/wp-content\/uploads\/2011\/09\/Emma-portra%CC%88tt.jpeg?resize=750%2C741&amp;ssl=1 750w, https:\/\/i0.wp.com\/samhallsentreprenor.glokala.net\/she2\/wp-content\/uploads\/2011\/09\/Emma-portra%CC%88tt.jpeg?resize=2048%2C2023&amp;ssl=1 2048w\" sizes=\"auto, (max-width: 147px) 100vw, 147px\" \/><img data-recalc-dims=\"1\" loading=\"lazy\" decoding=\"async\" class=\"size-full wp-image-6179 alignleft\" src=\"https:\/\/i0.wp.com\/samhallsentreprenor.glokala.net\/she2\/wp-content\/uploads\/2018\/08\/August.jpg?resize=100%2C150\" alt=\"\" width=\"100\" height=\"150\" \/><\/p>\n","protected":false},"excerpt":{"rendered":"<p>Idag s\u00e4tter vi ig\u00e5ng Samh\u00e4llsentrepren\u00f6r f\u00f6rdjupning &#8211; v\u00e4lkommen! Vi ser fram emot att f\u00e5 jobba kring sp\u00e4nnande teman tillsammans med er! De f\u00f6rsta tre veckorna fram till kurstr\u00e4ffen 15-16 september blir en tid f\u00f6r uppstart, och den h\u00e4r veckan b\u00f6rjar vi med lite material som inspiration och tv\u00e5 inledande uppgifter som du hittar nedan:\u00a0Personlig presentation [&hellip;]<\/p>\n","protected":false},"author":1001020,"featured_media":0,"comment_status":"open","ping_status":"open","sticky":false,"template":"","format":"standard","meta":{"_bbp_topic_count":0,"_bbp_reply_count":0,"_bbp_total_topic_count":0,"_bbp_total_reply_count":0,"_bbp_voice_count":0,"_bbp_anonymous_reply_count":0,"_bbp_topic_count_hidden":0,"_bbp_reply_count_hidden":0,"_bbp_forum_subforum_count":0,"_jetpack_memberships_contains_paid_content":false,"footnotes":""},"categories":[18,3,141],"tags":[],"class_list":["post-6174","post","type-post","status-publish","format-standard","hentry","category-inspiration","category-kursinfo","category-kursmoment"],"jetpack_featured_media_url":"","jetpack_sharing_enabled":true,"_links":{"self":[{"href":"https:\/\/samhallsentreprenor.glokala.net\/she2\/wp-json\/wp\/v2\/posts\/6174","targetHints":{"allow":["GET"]}}],"collection":[{"href":"https:\/\/samhallsentreprenor.glokala.net\/she2\/wp-json\/wp\/v2\/posts"}],"about":[{"href":"https:\/\/samhallsentreprenor.glokala.net\/she2\/wp-json\/wp\/v2\/types\/post"}],"author":[{"embeddable":true,"href":"https:\/\/samhallsentreprenor.glokala.net\/she2\/wp-json\/wp\/v2\/users\/1001020"}],"replies":[{"embeddable":true,"href":"https:\/\/samhallsentreprenor.glokala.net\/she2\/wp-json\/wp\/v2\/comments?post=6174"}],"version-history":[{"count":11,"href":"https:\/\/samhallsentreprenor.glokala.net\/she2\/wp-json\/wp\/v2\/posts\/6174\/revisions"}],"predecessor-version":[{"id":7075,"href":"https:\/\/samhallsentreprenor.glokala.net\/she2\/wp-json\/wp\/v2\/posts\/6174\/revisions\/7075"}],"wp:attachment":[{"href":"https:\/\/samhallsentreprenor.glokala.net\/she2\/wp-json\/wp\/v2\/media?parent=6174"}],"wp:term":[{"taxonomy":"category","embeddable":true,"href":"https:\/\/samhallsentreprenor.glokala.net\/she2\/wp-json\/wp\/v2\/categories?post=6174"},{"taxonomy":"post_tag","embeddable":true,"href":"https:\/\/samhallsentreprenor.glokala.net\/she2\/wp-json\/wp\/v2\/tags?post=6174"}],"curies":[{"name":"wp","href":"https:\/\/api.w.org\/{rel}","templated":true}]}}