{"id":6247,"date":"2018-09-03T15:12:49","date_gmt":"2018-09-03T13:12:49","guid":{"rendered":"https:\/\/samhallsentreprenor.glokala.net\/she2\/?p=6247"},"modified":"2018-09-03T15:12:49","modified_gmt":"2018-09-03T13:12:49","slug":"v-36-pa-jakt-efter-samhallsentreprenoren","status":"publish","type":"post","link":"https:\/\/samhallsentreprenor.glokala.net\/she2\/2018\/09\/v-36-pa-jakt-efter-samhallsentreprenoren\/","title":{"rendered":"v 36 P\u00e5 jakt efter samh\u00e4llsentrepren\u00f6ren"},"content":{"rendered":"<p>Hej!<\/p>\n<p>I den h\u00e4r veckans kurstema har vi tv\u00e5 delar:<\/p>\n<ul>\n<li><strong>Vem och vilka initiativ ser vi som samh\u00e4llsentrepren\u00f6rer?<\/strong> L\u00e4sning och reflektion, vi beh\u00f6ver dig som samtalspart!<\/li>\n<li><strong>Ingen kommer undan politiken.<\/strong> Valtider &#8211; vad har f\u00f6r h\u00e4nt i Sverige f\u00f6r samh\u00e4llsentrepren\u00f6rskap och social innovation under de fyra \u00e5ren 2014-2018?<\/li>\n<\/ul>\n<h3>P\u00e5 jakt efter samh\u00e4llsentrepren\u00f6ren<\/h3>\n<p>Sj\u00e4lva utg\u00e5ngspunkten f\u00f6r v\u00e5r kurs \u00e4r begreppet samh\u00e4llsentrepren\u00f6r(-skap). I sin k\u00e4rna handlar det om att synligg\u00f6ra entrepren\u00f6rskap som drivs av att skapa v\u00e4rden f\u00f6r samh\u00e4llet, att bidra till positiv samh\u00e4llsf\u00f6r\u00e4ndring. Men vem v\u00e4ljer att kalla sig samh\u00e4llsentrepren\u00f6r? G\u00f6r vi sj\u00e4lva det och vad betyder det d\u00e5 f\u00f6r oss?<\/p>\n<p>I det h\u00e4r temat tar vi p\u00e5 oss ett par kritiska glas\u00f6gon och vill pr\u00f6va tankar om samh\u00e4llsentrepren\u00f6rskap tillsammans med dig. N\u00e4r vi m\u00f6ts vid den f\u00f6rsta kurstr\u00e4ffen finns ocks\u00e5 m\u00f6jlighet att diskutera live!<\/p>\n<p><img data-recalc-dims=\"1\" loading=\"lazy\" decoding=\"async\" class=\"alignnone size-large wp-image-6248\" src=\"https:\/\/i0.wp.com\/samhallsentreprenor.glokala.net\/she2\/wp-content\/uploads\/2018\/09\/nic10_essa.jpg?resize=1024%2C652&#038;ssl=1\" alt=\"\" width=\"1024\" height=\"652\" srcset=\"https:\/\/i0.wp.com\/samhallsentreprenor.glokala.net\/she2\/wp-content\/uploads\/2018\/09\/nic10_essa.jpg?resize=1024%2C652&amp;ssl=1 1024w, https:\/\/i0.wp.com\/samhallsentreprenor.glokala.net\/she2\/wp-content\/uploads\/2018\/09\/nic10_essa.jpg?resize=400%2C255&amp;ssl=1 400w, https:\/\/i0.wp.com\/samhallsentreprenor.glokala.net\/she2\/wp-content\/uploads\/2018\/09\/nic10_essa.jpg?resize=768%2C489&amp;ssl=1 768w, https:\/\/i0.wp.com\/samhallsentreprenor.glokala.net\/she2\/wp-content\/uploads\/2018\/09\/nic10_essa.jpg?resize=624%2C397&amp;ssl=1 624w, https:\/\/i0.wp.com\/samhallsentreprenor.glokala.net\/she2\/wp-content\/uploads\/2018\/09\/nic10_essa.jpg?w=1254&amp;ssl=1 1254w\" sizes=\"auto, (max-width: 1000px) 100vw, 1000px\" \/><\/p>\n<p><strong>Att l\u00e4sa: <a href=\"https:\/\/samhallsentreprenor.glokala.net\/she2\/wp-content\/uploads\/2018\/08\/Magasin_NIC_10_Lagupplost.pdf\" target=\"_blank\" rel=\"noopener\">Ungt, ideellt och hajpat &#8211; men vad mer? (pdf)<\/a><\/strong> (Hannah Ohm, sida 6-10 i Magasin NIC #10, utgiven v\u00e5ren 2012)<br \/>\npsst! L\u00e4s \u00e4ven spalten &#8221;NIC rotar i historien bakom begreppet \u2019samh\u00e4llsentrepren\u00f6rskap\u2019&#8221; som ligger parallellt med Hannah Ohm:s ess\u00e4.<br \/>\n<em>Hannah Ohm har tidigare arbetat som pedagog i kursen och var en av initiativtagarna till Kl\u00e4doteket i Malm\u00f6 (2010-2015).<\/em><\/p>\n<p>En kommentar till texten: Utg\u00e5ngspunkten i ess\u00e4n (publicerad v\u00e5ren 2012) \u00e4r att det skulle finnas en &#8221;hajp&#8221; kring samh\u00e4llsentrepren\u00f6rskap. Idag \u00e4r det is\u00e5fall snarast &#8221;sociala innovationer&#8221; som hajpen kretsar kring, med samh\u00e4llsentrepren\u00f6rer (eller sociala entrepren\u00f6rer) som m\u00f6jliga drivande akt\u00f6rer. Det kanske vi kan se som ett svar p\u00e5 det som Hannah Ohm lyfter i punkt 2, Individ vs. Id\u00e9. Med social innovation hamnar fokuset ist\u00e4llet p\u00e5 id\u00e9n &#8211; vad som ska g\u00f6ras och hur det kan organiseras. Med risken att de drivande personerna kan hamna i skymundan&#8230;<\/p>\n<blockquote><p><strong><em>Ur texten, citat och fr\u00e5gor f\u00f6r samtal<\/em><\/strong><\/p>\n<p>Om definition av begreppet samh\u00e4llsentrepren\u00f6rskap:<br \/>\n&#8221;Ett f\u00f6rslag l\u00e5ter s\u00e5h\u00e4r: \u201dett innovativt initiativ som utvecklar samh\u00e4llsnyttiga funktioner\u201d (Eva Moe, 2009). H\u00e4r fastst\u00e4lls allts\u00e5 ingen organisationsform; id\u00e9n kan ledas som ett f\u00f6retag eller en ideell eller ekonomisk f\u00f6rening, den kan r\u00f6ra sig fritt mellan sektorerna och ha samarbeten med n\u00e4ringsliv, det offentliga eller den id\u00e9burna sektorn. D\u00e4rf\u00f6r ryms h\u00e4r vinst- och ickevinstdrivande organisationer, projekt, konst, grupper som tar initiativ eller n\u00e4tverk som samlas kring en viss fr\u00e5ga. P\u00e5 ett s\u00e4tt \u00e4r det bra att mycket inkluderas, det \u00e4r sk\u00f6nt att rucka p\u00e5 sektorsgr\u00e4nser och g\u00f6ra lite mer som det passar. Men den sj\u00e4lvklara risken \u00e4r att alltf\u00f6r mycket f\u00f6rpackas under samma namn och g\u00f6r det urvattnat. I b\u00e4sta fall blir klassificeringen meningsl\u00f6s, i v\u00e4rsta fall saboterar den f\u00f6rtroendet f\u00f6r verksamheter som \u00e4r viktiga och fungerar v\u00e4l.<br \/>\nDet kan ibland vara sv\u00e5rt att komma f\u00f6rbi en ytlig diskussion kring ett ytligt begrepp&#8230; one size fits all-tanken \u00e4r n\u00e4mligen f\u00f6rr\u00e4diskt bekv\u00e4m. S\u00e5 bekv\u00e4m att vi gl\u00f6mmer att st\u00e4lla oss fr\u00e5gan vems spr\u00e5k det egentligen \u00e4r vi pratar. Entrepren\u00f6r? Kan alla vara det? Samh\u00e4lls-entrepren\u00f6r? Agerar vi inte alltid i samh\u00e4llet oavsett vad vi g\u00f6r?&#8221;<\/p>\n<ul>\n<li>Hur ser en definition ut som g\u00f6r det meningsfullt att prata om samh\u00e4llsentrepren\u00f6rskap? \u00c4r begreppet f\u00f6r ytligt och brett? Eller \u00e4r just den flexibla bredden en viktig f\u00f6ruts\u00e4ttning?<\/li>\n<li>Associationerna utifr\u00e5n begreppet samh\u00e4llsentrepren\u00f6r g\u00e5r \u00e5t olika h\u00e5ll. Entrepren\u00f6rskap kan l\u00e4sas som n\u00e5got frig\u00f6rande, att f\u00e5 pr\u00f6va sina egna id\u00e9er och sin handlingskraft. Eller kan det klinga negativt, med betoning p\u00e5 att vilja tj\u00e4na pengar. Vilka drivande personer och vilka initiativ ser vi framf\u00f6r oss n\u00e4r vi pratar om samh\u00e4llsentrepren\u00f6rer?<\/li>\n<li>Utifr\u00e5n de initiativ du vill utveckla och driva &#8211; passar begreppet?<\/li>\n<\/ul>\n<p>&#8221;Anv\u00e4ndningen av n\u00e4ringslivets spr\u00e5k och f\u00f6rest\u00e4llningar g\u00f6r att de projekt som \u00e4r en kritik mot systemet aldrig kommer lyftas fram. De kan inte pitcha sig eftersom det \u00e4r en obekv\u00e4m visa f\u00f6r \u00e5h\u00f6rarna och de kan inte finansiera sin verksamhet eftersom inget f\u00f6retag vinner p\u00e5 att arbeta pro bono f\u00f6r dem.\u201d<\/p>\n<ul>\n<li>\u00c4r d\u00f6rrarna \u00f6ppna f\u00f6r alla eller kr\u00e4vs det att man inordnar sig i det r\u00e5dande systemet f\u00f6r att kallas samh\u00e4llsentrepren\u00f6r?<\/li>\n<li>Nedan f\u00f6ljer n\u00e5gra exempel p\u00e5 initiativ\/organisationer som m\u00f6ter behov i samh\u00e4llet och f\u00f6rs\u00f6ker skapa f\u00f6r\u00e4ndring. Kan de beskrivas som samh\u00e4llsentrepren\u00f6rer? Varf\u00f6r eller varf\u00f6r inte?<\/li>\n<\/ul>\n<\/blockquote>\n<p><strong><a href=\"https:\/\/pantrarna.wordpress.com\/\">Pantrarna (F\u00f6r upprustning av f\u00f6rorten)<\/a><\/strong><img loading=\"lazy\" decoding=\"async\" class=\"wp-image-5365 alignright\" src=\"https:\/\/i1.wp.com\/samhallsentreprenor.glokala.net\/she2\/wp-content\/uploads\/2017\/09\/pantrarna.jpeg?resize=120%2C120\" sizes=\"auto, (max-width: 120px) 100vw, 120px\" srcset=\"https:\/\/i1.wp.com\/samhallsentreprenor.glokala.net\/she2\/wp-content\/uploads\/2017\/09\/pantrarna.jpeg?w=400&amp;ssl=1 400w, https:\/\/i1.wp.com\/samhallsentreprenor.glokala.net\/she2\/wp-content\/uploads\/2017\/09\/pantrarna.jpeg?resize=150%2C150&amp;ssl=1 150w\" alt=\"\" width=\"120\" height=\"120\" data-attachment-id=\"5365\" data-permalink=\"https:\/\/samhallsentreprenor.glokala.net\/she2\/2017\/09\/v-36-vad-ar-samhallsentreprenorskap-och-vem-far-ta-rollen\/pantrarna\/\" data-orig-file=\"https:\/\/i1.wp.com\/samhallsentreprenor.glokala.net\/she2\/wp-content\/uploads\/2017\/09\/pantrarna.jpeg?fit=400%2C400&amp;ssl=1\" data-orig-size=\"400,400\" data-comments-opened=\"1\" data-image-meta=\"{&quot;aperture&quot;:&quot;0&quot;,&quot;credit&quot;:&quot;&quot;,&quot;camera&quot;:&quot;&quot;,&quot;caption&quot;:&quot;&quot;,&quot;created_timestamp&quot;:&quot;0&quot;,&quot;copyright&quot;:&quot;&quot;,&quot;focal_length&quot;:&quot;0&quot;,&quot;iso&quot;:&quot;0&quot;,&quot;shutter_speed&quot;:&quot;0&quot;,&quot;title&quot;:&quot;&quot;,&quot;orientation&quot;:&quot;0&quot;}\" data-image-title=\"pantrarna\" data-image-description=\"\" data-medium-file=\"https:\/\/i1.wp.com\/samhallsentreprenor.glokala.net\/she2\/wp-content\/uploads\/2017\/09\/pantrarna.jpeg?fit=400%2C400&amp;ssl=1\" data-large-file=\"https:\/\/i1.wp.com\/samhallsentreprenor.glokala.net\/she2\/wp-content\/uploads\/2017\/09\/pantrarna.jpeg?fit=400%2C400&amp;ssl=1\" \/><br \/>\n\u201dDu vet sj\u00e4lv att bara de som kommer ifr\u00e5n f\u00f6rorten bryr sig om f\u00f6rorten. Husen f\u00f6rfaller och politikerna s\u00e4tter upp \u00f6vervakningskameror i skolorna och behandlar oss som djur. Vad t\u00e4nker du g\u00f6ra \u00e5t det? N\u00e4r fritidsg\u00e5rden st\u00e4ngs \u00f6ppnar Pantrarna en ny. N\u00e4r gatljusen slocknar \u00e4r det vi som lyser upp natten med brinnande tunnor och Prince Alis rap. N\u00e4r tidningen ljuger om orten \u00e4r det Pantrarna som kickar in till stan, hotar att ockupera redaktionen och f\u00e5r dem att be om urs\u00e4kt framf\u00f6r folket. Pantrarna \u00e4r en v\u00e4xande grupp f\u00f6rortsbor som \u00e4r tr\u00f6tta p\u00e5 snack och som vill att ortens m\u00e4nniskor ska vara sj\u00e4lvst\u00e4ndiga och fria som alla andra.\u201d<\/p>\n<p><strong><a href=\"http:\/\/www.kontrapunktmalmo.net\/\">Kontrapunkt<\/a><\/strong><img loading=\"lazy\" decoding=\"async\" class=\"wp-image-5364 alignright\" src=\"https:\/\/i2.wp.com\/samhallsentreprenor.glokala.net\/she2\/wp-content\/uploads\/2017\/09\/kontrapunkt-400x400.jpg?resize=99%2C99\" sizes=\"auto, (max-width: 99px) 100vw, 99px\" srcset=\"https:\/\/i1.wp.com\/samhallsentreprenor.glokala.net\/she2\/wp-content\/uploads\/2017\/09\/kontrapunkt.jpg?resize=400%2C400&amp;ssl=1 400w, https:\/\/i1.wp.com\/samhallsentreprenor.glokala.net\/she2\/wp-content\/uploads\/2017\/09\/kontrapunkt.jpg?resize=150%2C150&amp;ssl=1 150w, https:\/\/i1.wp.com\/samhallsentreprenor.glokala.net\/she2\/wp-content\/uploads\/2017\/09\/kontrapunkt.jpg?resize=768%2C768&amp;ssl=1 768w, https:\/\/i1.wp.com\/samhallsentreprenor.glokala.net\/she2\/wp-content\/uploads\/2017\/09\/kontrapunkt.jpg?resize=624%2C624&amp;ssl=1 624w, https:\/\/i1.wp.com\/samhallsentreprenor.glokala.net\/she2\/wp-content\/uploads\/2017\/09\/kontrapunkt.jpg?resize=750%2C750&amp;ssl=1 750w, https:\/\/i1.wp.com\/samhallsentreprenor.glokala.net\/she2\/wp-content\/uploads\/2017\/09\/kontrapunkt.jpg?w=960&amp;ssl=1 960w\" alt=\"\" width=\"99\" height=\"99\" data-attachment-id=\"5364\" data-permalink=\"https:\/\/samhallsentreprenor.glokala.net\/she2\/2017\/09\/v-36-vad-ar-samhallsentreprenorskap-och-vem-far-ta-rollen\/kontrapunkt\/\" data-orig-file=\"https:\/\/i1.wp.com\/samhallsentreprenor.glokala.net\/she2\/wp-content\/uploads\/2017\/09\/kontrapunkt.jpg?fit=960%2C960&amp;ssl=1\" data-orig-size=\"960,960\" data-comments-opened=\"1\" data-image-meta=\"{&quot;aperture&quot;:&quot;0&quot;,&quot;credit&quot;:&quot;&quot;,&quot;camera&quot;:&quot;&quot;,&quot;caption&quot;:&quot;&quot;,&quot;created_timestamp&quot;:&quot;0&quot;,&quot;copyright&quot;:&quot;&quot;,&quot;focal_length&quot;:&quot;0&quot;,&quot;iso&quot;:&quot;0&quot;,&quot;shutter_speed&quot;:&quot;0&quot;,&quot;title&quot;:&quot;&quot;,&quot;orientation&quot;:&quot;0&quot;}\" data-image-title=\"kontrapunkt\" data-image-description=\"\" data-medium-file=\"https:\/\/i1.wp.com\/samhallsentreprenor.glokala.net\/she2\/wp-content\/uploads\/2017\/09\/kontrapunkt.jpg?fit=400%2C400&amp;ssl=1\" data-large-file=\"https:\/\/i1.wp.com\/samhallsentreprenor.glokala.net\/she2\/wp-content\/uploads\/2017\/09\/kontrapunkt.jpg?fit=960%2C960&amp;ssl=1\" \/><br \/>\n\u201dKontrapunkt \u00e4r b\u00e5de ett kulturhus och ett socialt center. [\u2026] V\u00e5rt m\u00e5l \u00e4r ocks\u00e5 att fungera som en plattform f\u00f6r att ena och st\u00e4rka de befintliga gr\u00e4srotsr\u00f6relserna lokalt i Malm\u00f6 och d\u00e4rifr\u00e5n tillsammans, och med kulturen som redskap, b\u00f6rja bygga p\u00e5 alternativ f\u00f6r ett r\u00e4ttvisare samh\u00e4lle.\u201d<br \/>\nUnder h\u00f6sten 2015 mobiliserade Kontrapunkt 1000-tals engagerade Malm\u00f6-bor i kampen f\u00f6r ett solidariskt flyktingmottagandet. Medan det tog kommunen en m\u00e5nad att \u00f6ppna en mottagning hade kontrapunkt blixtsnabbt riktat om sin verksamhet, \u00f6ppnat akutboende och tagit emot och huserat 10 000 m\u00e4nniskor p\u00e5 flykt. Under de 135 dygn de h\u00f6ll \u00f6ppet hade totalt \u00f6ver 17 000 m\u00e4nniskor som flytt krig och f\u00f6rf\u00f6ljelse f\u00e5tt sovplats, mat, kl\u00e4der, v\u00e5rd, transport och st\u00f6d.<\/p>\n<p><b><strong><img data-recalc-dims=\"1\" loading=\"lazy\" decoding=\"async\" class=\"size-medium wp-image-6249 alignright\" src=\"https:\/\/i0.wp.com\/samhallsentreprenor.glokala.net\/she2\/wp-content\/uploads\/2018\/09\/skiss3-logga-web.png?resize=400%2C46&#038;ssl=1\" alt=\"\" width=\"400\" height=\"46\" srcset=\"https:\/\/i0.wp.com\/samhallsentreprenor.glokala.net\/she2\/wp-content\/uploads\/2018\/09\/skiss3-logga-web.png?resize=400%2C46&amp;ssl=1 400w, https:\/\/i0.wp.com\/samhallsentreprenor.glokala.net\/she2\/wp-content\/uploads\/2018\/09\/skiss3-logga-web.png?resize=768%2C88&amp;ssl=1 768w, https:\/\/i0.wp.com\/samhallsentreprenor.glokala.net\/she2\/wp-content\/uploads\/2018\/09\/skiss3-logga-web.png?resize=1024%2C118&amp;ssl=1 1024w, https:\/\/i0.wp.com\/samhallsentreprenor.glokala.net\/she2\/wp-content\/uploads\/2018\/09\/skiss3-logga-web.png?resize=624%2C72&amp;ssl=1 624w, https:\/\/i0.wp.com\/samhallsentreprenor.glokala.net\/she2\/wp-content\/uploads\/2018\/09\/skiss3-logga-web.png?w=2000&amp;ssl=1 2000w, https:\/\/i0.wp.com\/samhallsentreprenor.glokala.net\/she2\/wp-content\/uploads\/2018\/09\/skiss3-logga-web.png?w=3000&amp;ssl=1 3000w\" sizes=\"auto, (max-width: 400px) 100vw, 400px\" \/><a href=\"http:\/\/www.frihetsformedlingen.se\/\" target=\"_blank\" rel=\"noopener\">Frihetsf\u00f6rmedlingen<\/a><br \/>\n<\/strong><\/b>&#8221;Frihetsf\u00f6rmedlingens vision \u00e4r att ta ledningen i den n\u00f6dv\u00e4ndiga omst\u00e4llningen fr\u00e5n en oh\u00e5llbar arbetslinje till ett samh\u00e4lle pr\u00e4glat av frihet.&#8221;<br \/>\n&#8221;Frihetsf\u00f6rmedlingen \u00e4r en sj\u00e4lvorganiserad myndighet, en tankesmedja och ett konstverk med uppdrag att st\u00f6dja m\u00e4nniskors frig\u00f6relse fr\u00e5n strukturer som l\u00e5ser dem inne i l\u00f6nearbete och ekonomism.&#8221;<\/p>\n<p><a href=\"https:\/\/samhallsentreprenor.glokala.net\/she2\/groups\/kursforum-2018-2019\/forum\/topic\/jakten-pa-samhallsentreprenoren-samtal-diskussion-v-36\/#post-6250\" target=\"_blank\" rel=\"noopener\">\u2192 Fortsatt samtal och diskussion i forumet!<\/a><\/p>\n<p>:::::::::::::::::::::::<\/p>\n<h3>Ingen kommer undan politiken<\/h3>\n<p><strong>Mitt i valtider kan vi fundera p\u00e5 vad som har h\u00e4nt i Sverige f\u00f6r samh\u00e4llsentrepren\u00f6rskap och social innovation under de fyra \u00e5ren 2014-2018?<\/strong><\/p>\n<p>Allra mest synligt \u00e4r nog <a href=\"https:\/\/www.regeringen.se\/informationsmaterial\/2018\/02\/regeringens-strategi-for-sociala-foretag--ett-hallbart-samhalle-genom-socialt-foretagande-och-social-innovation\/\" target=\"_blank\" rel=\"noopener\">regeringens strategi f\u00f6r socialt f\u00f6retagande (och social innovation)<\/a> som presenterades i v\u00e5ras. Den knyter ocks\u00e5 an till genomf\u00f6randet av de <a href=\"https:\/\/www.regeringen.se\/regeringens-politik\/globala-malen-och-agenda-2030\/\" target=\"_blank\" rel=\"noopener\">Globala m\u00e5len (Agenda 2030)<\/a>.<br \/>\nI strategin finns en formulering kring vad som k\u00e4nnetecknar sociala f\u00f6retag:<\/p>\n<blockquote><p>&#8221;Socialt f\u00f6retagande \u00e4r definitionsm\u00e4ssigt sv\u00e5rt att avgr\u00e4nsa fr\u00e5n annat f\u00f6retagande, men generellt uppvisar sociala f\u00f6retag ett antal k\u00e4nnetecken som kan vara v\u00e4gledande f\u00f6r att tydligg\u00f6ra denna grupp:<\/p>\n<ul>\n<li>Det \u00e4r f\u00f6retag, oberoende av associationsform, d\u00e4r den aff\u00e4rsm\u00e4ssiga verksamheten \u00e4r ett medel f\u00f6r att uppn\u00e5 ett eller flera specifika samh\u00e4llsnyttiga m\u00e5l, exempelvis minska utanf\u00f6rskap, f\u00f6rb\u00e4ttra klimatet och milj\u00f6n eller bidra till en tryggare livsmilj\u00f6.<\/li>\n<li>F\u00f6retagets resultat m\u00e4ts i relation till uppfyllelsen av de samh\u00e4llsnyttiga m\u00e5l som angetts som dess syfte att uppn\u00e5.<\/li>\n<li>F\u00f6retagets ekonomiska \u00f6verskott \u00e5terinvesteras huvudsakligen i verksamheten, alternativt investeras i ett nytt samh\u00e4llsnyttigt projekt, ist\u00e4llet f\u00f6r att prim\u00e4rt tas ut som vinst genom avkastning till \u00e4garna.&#8221;<\/li>\n<\/ul>\n<\/blockquote>\n<p>En effekt av strategin \u00e4r att b\u00e5de Tillv\u00e4xtverket och Vinnova har f\u00e5tt tydliga uppdrag kopplade till att st\u00f6dja social innovation och samh\u00e4llsentrepren\u00f6rskap. Det syns till exempel i den h\u00e4r aktuella utlysningen fr\u00e5n Vinnova: <a href=\"https:\/\/www.vinnova.se\/e\/social-innovation-tema\/ett-starkt-innovationsstod-for-social-innovation-2018\/\" target=\"_blank\" rel=\"noopener\">Ett st\u00e4rkt innovationsst\u00f6d f\u00f6r social innovation<\/a><\/p>\n<p>M\u00f6tesplats Social innovation tycks ocks\u00e5 f\u00e5 ett tydligare uppdrag fram\u00f6ver som handlar om att st\u00e4rka kompetens och st\u00f6d till social innovation vid alla h\u00f6gskolor &amp; universitet, <a href=\"http:\/\/socialinnovation.se\/nya-medel-vinnova\/\" target=\"_blank\" rel=\"noopener\">ett tecken finns h\u00e4r<\/a>.<\/p>\n<p>Inom v\u00e4lf\u00e4rden har regeringen f\u00f6rs\u00f6kt utveckla f\u00f6ruts\u00e4ttningarna f\u00f6r id\u00e9burna akt\u00f6rer, men det har inte g\u00e5tt att f\u00e5 igenom f\u00f6rslag i riksdagen (hastigt uttryckt).<\/p>\n<p>Det finns naturligtvis mycket att s\u00e4ga om vad som har h\u00e4nt och inte under den senaste mandatperioden. Det h\u00e4r var ett kort inspel med n\u00e5gra av de mest synliga sakerna som har h\u00e4nt!<\/p>\n<p><strong>L\u00e4s \u00e4ven:<\/strong> <a href=\"https:\/\/www.socialforum.se\/article\/vad-vill-partierna-med-civilsamhallet\/\" target=\"_blank\" rel=\"noopener\">Vad vill partierna med civilsamh\u00e4llet?<\/a> FORUM &#8211; Id\u00e9burna organisationer med social inriktning, har granskat partiernas f\u00f6rslag f\u00f6r civilsamh\u00e4llet.<\/p>\n","protected":false},"excerpt":{"rendered":"<p>Hej! I den h\u00e4r veckans kurstema har vi tv\u00e5 delar: Vem och vilka initiativ ser vi som samh\u00e4llsentrepren\u00f6rer? L\u00e4sning och reflektion, vi beh\u00f6ver dig som samtalspart! Ingen kommer undan politiken. Valtider &#8211; vad har f\u00f6r h\u00e4nt i Sverige f\u00f6r samh\u00e4llsentrepren\u00f6rskap och social innovation under de fyra \u00e5ren 2014-2018? P\u00e5 jakt efter samh\u00e4llsentrepren\u00f6ren Sj\u00e4lva utg\u00e5ngspunkten f\u00f6r [&hellip;]<\/p>\n","protected":false},"author":1001021,"featured_media":0,"comment_status":"open","ping_status":"open","sticky":false,"template":"","format":"standard","meta":{"_bbp_topic_count":0,"_bbp_reply_count":0,"_bbp_total_topic_count":0,"_bbp_total_reply_count":0,"_bbp_voice_count":0,"_bbp_anonymous_reply_count":0,"_bbp_topic_count_hidden":0,"_bbp_reply_count_hidden":0,"_bbp_forum_subforum_count":0,"_jetpack_memberships_contains_paid_content":false,"footnotes":""},"categories":[141],"tags":[636,6,10,637,14],"class_list":["post-6247","post","type-post","status-publish","format-standard","hentry","category-kursmoment","tag-definition","tag-samhallsentreprenor","tag-samhallsentreprenorskap","tag-social-entreprenor","tag-social-innovation"],"jetpack_featured_media_url":"","jetpack_sharing_enabled":true,"_links":{"self":[{"href":"https:\/\/samhallsentreprenor.glokala.net\/she2\/wp-json\/wp\/v2\/posts\/6247","targetHints":{"allow":["GET"]}}],"collection":[{"href":"https:\/\/samhallsentreprenor.glokala.net\/she2\/wp-json\/wp\/v2\/posts"}],"about":[{"href":"https:\/\/samhallsentreprenor.glokala.net\/she2\/wp-json\/wp\/v2\/types\/post"}],"author":[{"embeddable":true,"href":"https:\/\/samhallsentreprenor.glokala.net\/she2\/wp-json\/wp\/v2\/users\/1001021"}],"replies":[{"embeddable":true,"href":"https:\/\/samhallsentreprenor.glokala.net\/she2\/wp-json\/wp\/v2\/comments?post=6247"}],"version-history":[{"count":1,"href":"https:\/\/samhallsentreprenor.glokala.net\/she2\/wp-json\/wp\/v2\/posts\/6247\/revisions"}],"predecessor-version":[{"id":6251,"href":"https:\/\/samhallsentreprenor.glokala.net\/she2\/wp-json\/wp\/v2\/posts\/6247\/revisions\/6251"}],"wp:attachment":[{"href":"https:\/\/samhallsentreprenor.glokala.net\/she2\/wp-json\/wp\/v2\/media?parent=6247"}],"wp:term":[{"taxonomy":"category","embeddable":true,"href":"https:\/\/samhallsentreprenor.glokala.net\/she2\/wp-json\/wp\/v2\/categories?post=6247"},{"taxonomy":"post_tag","embeddable":true,"href":"https:\/\/samhallsentreprenor.glokala.net\/she2\/wp-json\/wp\/v2\/tags?post=6247"}],"curies":[{"name":"wp","href":"https:\/\/api.w.org\/{rel}","templated":true}]}}