{"id":6767,"date":"2019-03-04T11:02:27","date_gmt":"2019-03-04T10:02:27","guid":{"rendered":"https:\/\/samhallsentreprenor.glokala.net\/she2\/?p=6767"},"modified":"2019-03-04T11:03:05","modified_gmt":"2019-03-04T10:03:05","slug":"v-10-intervju-varplanering","status":"publish","type":"post","link":"https:\/\/samhallsentreprenor.glokala.net\/she2\/2019\/03\/v-10-intervju-varplanering\/","title":{"rendered":"v 10 Intervju med Malm\u00f6 mot Diskriminering + v\u00e5rplanering"},"content":{"rendered":"<blockquote><p><strong>Ny modul: Mitt sammanhang &amp; framtiden<\/strong><\/p>\n<p>Idag startar n\u00e4sta modul i kursen som vi har gett titeln \u201cMitt sammanhang &amp; framtiden\u201d. Den str\u00e4cker sig fram till kursens slut den 4 juni. I menyn h\u00e4r p\u00e5 plattformen har den bara titeln \u201cFramtiden\u201d f\u00f6r att det inte ska bli s\u00e5 l\u00e5ngt i text!<\/p>\n<p>Under den h\u00e4r modulen kommer du f\u00e5 m\u00f6jlighet att ta fasta p\u00e5 behov du har i de initiativ du utvecklar, f\u00f6r att l\u00e4gga en grund f\u00f6r den tid som kommer efter att kursen har n\u00e5tt sitt slut.<\/p><\/blockquote>\n<h3>Planering f\u00f6r v\u00e5ren &#8211; feedback<\/h3>\n<p>Nu finns en planering f\u00f6r v\u00e5rens moment under Kursinfo \u2192 <a href=\"https:\/\/samhallsentreprenor.glokala.net\/she2\/kursoversikt-2018-2019\/\" target=\"_blank\" rel=\"noopener noreferrer\"><strong>Kurs\u00f6versikt 2018-2019<\/strong><\/a> (scrolla ner till v 10 och fram\u00e5t!)<\/p>\n<p><strong>Det finns utrymme f\u00f6r att l\u00e4gga till ytterligare n\u00e5gra teman eller \u00e4ndra om i planeringen. Finns det fler teman eller moment som du skulle vilja se?<\/strong> (se exempel fr\u00e5n v\u00e5r brainstorming i b\u00f6rjan av kursen p\u00e5 <a href=\"https:\/\/www.mindmeister.com\/1147743777?t=H9qFm5oCiy\" target=\"_blank\" rel=\"noopener noreferrer\">https:\/\/www.mindmeister.com\/1147743777?t=H9qFm5oCiy<\/a>)<br \/>\n<strong> Andra tankar eller f\u00f6rslag om v\u00e5rens planering?<\/strong><\/p>\n<p>Skriv g\u00e4rna i kursforumet, <a href=\"https:\/\/samhallsentreprenor.glokala.net\/she2\/groups\/kursforum-2018-2019\/forum\/topic\/planering-for-varen-feedback\/\" target=\"_blank\" rel=\"noopener noreferrer\">tr\u00e5d om v\u00e5rens planering \u2192<\/a><\/p>\n<p><span style=\"text-decoration: underline;\">Kursens tredje tr\u00e4ff<\/span><\/p>\n<p>Mitt f\u00f6rslag \u00e4r att h\u00e5lla kursens tredje tr\u00e4ff i Malm\u00f6 3-4 maj (fredag-l\u00f6rdag), tillsammans med deltagare fr\u00e5n grund\u00e5ret Samh\u00e4llsentrepren\u00f6r och Glokala Tankesmedjan. Jag tar g\u00e4rna emot tankar om inneh\u00e5ll f\u00f6r dagarna!<\/p>\n<p>Vi har tidigare sp\u00e5nat p\u00e5 id\u00e9n att g\u00f6ra kurstr\u00e4ff i Berlin. Av olika praktiska sk\u00e4l har jag valt att h\u00e5lla kurstr\u00e4ffen till Malm\u00f6, d\u00e4remot tittar jag p\u00e5 m\u00f6jligheten att \u00e4ven organisera en studieresa till Berlin under maj. B\u00e5de f\u00f6r dig som \u00e4r deltagare och fler fr\u00e5n v\u00e5rt n\u00e4tverk.<\/p>\n<h3>Video: Malm\u00f6 mot Diskriminering &#8211; intervju om deras utveckling<\/h3>\n<p><img data-recalc-dims=\"1\" loading=\"lazy\" decoding=\"async\" class=\"alignright wp-image-6769\" src=\"https:\/\/i0.wp.com\/samhallsentreprenor.glokala.net\/she2\/wp-content\/uploads\/2019\/03\/intervju_profil.jpg?resize=289%2C289&#038;ssl=1\" alt=\"\" width=\"289\" height=\"289\" srcset=\"https:\/\/i0.wp.com\/samhallsentreprenor.glokala.net\/she2\/wp-content\/uploads\/2019\/03\/intervju_profil.jpg?resize=400%2C400&amp;ssl=1 400w, https:\/\/i0.wp.com\/samhallsentreprenor.glokala.net\/she2\/wp-content\/uploads\/2019\/03\/intervju_profil.jpg?resize=150%2C150&amp;ssl=1 150w, https:\/\/i0.wp.com\/samhallsentreprenor.glokala.net\/she2\/wp-content\/uploads\/2019\/03\/intervju_profil.jpg?w=488&amp;ssl=1 488w\" sizes=\"auto, (max-width: 289px) 100vw, 289px\" \/>F\u00f6r en tid sedan intervjuade jag Johan Ekblad som \u00e4r verksamhetsledare p\u00e5 <strong><a href=\"https:\/\/malmomotdiskriminering.se\/\" target=\"_blank\" rel=\"noopener noreferrer\">Malm\u00f6 mot Diskriminering<\/a><\/strong>, en verksamhet som har varit i snabb utveckling de senaste \u00e5ren.<\/p>\n<p>Malm\u00f6 mot Diskriminering \u00e4r en ideell f\u00f6rening &#8211; en paraplyf\u00f6rening med m\u00e5nga medlemsorganisationer. De driver idag b\u00e5de en grundverksamhet riktad till boende i \u00f6ver 15 sk\u00e5nska kommuner, och har \u00e4ven projekt med st\u00f6d fr\u00e5n bland annat Arvsfonden.<\/p>\n<p>Hur togs initiativet fr\u00e5n b\u00f6rjan? Hur har verksamheten utvecklats? Finns det f\u00f6r- och nackdelar med organisationsformen ideell f\u00f6rening? Vilken kontakt finns med motsvarande akt\u00f6rer (ani-diskrimineringsbyr\u00e5er) i andra delar av landet?<\/p>\n<p><a href=\"https:\/\/samhallsentreprenor.glokala.net\/she2\/groups\/kursforum-2018-2019\/forum\/topic\/intervju-om-utveckling-malmo-mot-diskriminering\/\" target=\"_blank\" rel=\"noopener noreferrer\"><strong>Se intervjun med Johan via l\u00e4nk i kursforumet (inloggad) \u2192<\/strong><\/a><\/p>\n<p><strong>Fr\u00e5gor f\u00f6r reflektion:<\/strong> Kan du k\u00e4nna igen delar av det som Johan tar upp fr\u00e5n sammanhang du har varit i? V\u00e4cker intervjun n\u00e5gra nya fr\u00e5gor f\u00f6r dig?<\/p>\n","protected":false},"excerpt":{"rendered":"<p>Ny modul: Mitt sammanhang &amp; framtiden Idag startar n\u00e4sta modul i kursen som vi har gett titeln \u201cMitt sammanhang &amp; framtiden\u201d. Den str\u00e4cker sig fram till kursens slut den 4 juni. I menyn h\u00e4r p\u00e5 plattformen har den bara titeln \u201cFramtiden\u201d f\u00f6r att det inte ska bli s\u00e5 l\u00e5ngt i text! Under den h\u00e4r modulen [&hellip;]<\/p>\n","protected":false},"author":1001021,"featured_media":0,"comment_status":"open","ping_status":"open","sticky":false,"template":"","format":"standard","meta":{"_bbp_topic_count":0,"_bbp_reply_count":0,"_bbp_total_topic_count":0,"_bbp_total_reply_count":0,"_bbp_voice_count":0,"_bbp_anonymous_reply_count":0,"_bbp_topic_count_hidden":0,"_bbp_reply_count_hidden":0,"_bbp_forum_subforum_count":0,"_jetpack_memberships_contains_paid_content":false,"footnotes":""},"categories":[141],"tags":[],"class_list":["post-6767","post","type-post","status-publish","format-standard","hentry","category-kursmoment"],"jetpack_featured_media_url":"","jetpack_sharing_enabled":true,"_links":{"self":[{"href":"https:\/\/samhallsentreprenor.glokala.net\/she2\/wp-json\/wp\/v2\/posts\/6767","targetHints":{"allow":["GET"]}}],"collection":[{"href":"https:\/\/samhallsentreprenor.glokala.net\/she2\/wp-json\/wp\/v2\/posts"}],"about":[{"href":"https:\/\/samhallsentreprenor.glokala.net\/she2\/wp-json\/wp\/v2\/types\/post"}],"author":[{"embeddable":true,"href":"https:\/\/samhallsentreprenor.glokala.net\/she2\/wp-json\/wp\/v2\/users\/1001021"}],"replies":[{"embeddable":true,"href":"https:\/\/samhallsentreprenor.glokala.net\/she2\/wp-json\/wp\/v2\/comments?post=6767"}],"version-history":[{"count":1,"href":"https:\/\/samhallsentreprenor.glokala.net\/she2\/wp-json\/wp\/v2\/posts\/6767\/revisions"}],"predecessor-version":[{"id":6770,"href":"https:\/\/samhallsentreprenor.glokala.net\/she2\/wp-json\/wp\/v2\/posts\/6767\/revisions\/6770"}],"wp:attachment":[{"href":"https:\/\/samhallsentreprenor.glokala.net\/she2\/wp-json\/wp\/v2\/media?parent=6767"}],"wp:term":[{"taxonomy":"category","embeddable":true,"href":"https:\/\/samhallsentreprenor.glokala.net\/she2\/wp-json\/wp\/v2\/categories?post=6767"},{"taxonomy":"post_tag","embeddable":true,"href":"https:\/\/samhallsentreprenor.glokala.net\/she2\/wp-json\/wp\/v2\/tags?post=6767"}],"curies":[{"name":"wp","href":"https:\/\/api.w.org\/{rel}","templated":true}]}}