{"id":6788,"date":"2019-03-12T11:32:38","date_gmt":"2019-03-12T10:32:38","guid":{"rendered":"https:\/\/samhallsentreprenor.glokala.net\/she2\/?p=6788"},"modified":"2019-05-20T13:26:59","modified_gmt":"2019-05-20T11:26:59","slug":"v-11-gemensam-lasning-vt-intryck-fran-larkonferens-med-social-innovation-skane","status":"publish","type":"post","link":"https:\/\/samhallsentreprenor.glokala.net\/she2\/2019\/03\/v-11-gemensam-lasning-vt-intryck-fran-larkonferens-med-social-innovation-skane\/","title":{"rendered":"v 11 Gemensam l\u00e4sning VT + intryck fr\u00e5n l\u00e4rkonferens med Social Innovation Sk\u00e5ne"},"content":{"rendered":"<h3>P\u00e5minnelse &#8211; feedback till v\u00e5rens planering<\/h3>\n<p>Se v\u00e5rens planering \u2192 <a href=\"https:\/\/samhallsentreprenor.glokala.net\/she2\/kursoversikt-2018-2019\/\" target=\"_blank\" rel=\"noopener noreferrer\"><strong>Kurs\u00f6versikt 2018-2019<\/strong><\/a> (scrolla ner till v 10 och fram\u00e5t!)<br \/>\nDet finns utrymme f\u00f6r att l\u00e4gga till ytterligare n\u00e5gra teman eller \u00e4ndra om i planeringen. Finns det fler teman eller moment som du skulle vilja se? (se exempel fr\u00e5n v\u00e5r brainstorming i b\u00f6rjan av kursen p\u00e5 <a href=\"https:\/\/www.mindmeister.com\/1147743777?t=H9qFm5oCiy\" target=\"_blank\" rel=\"noopener noreferrer\">https:\/\/www.mindmeister.com\/1147743777?t=H9qFm5oCiy<\/a>)<br \/>\nAndra tankar eller f\u00f6rslag om v\u00e5rens planering?<\/p>\n<p>Skriv g\u00e4rna i kursforumet, <a href=\"https:\/\/samhallsentreprenor.glokala.net\/she2\/groups\/kursforum-2018-2019\/forum\/topic\/planering-for-varen-feedback\/\" target=\"_blank\" rel=\"noopener noreferrer\">tr\u00e5d om v\u00e5rens planering \u2192<\/a><\/p>\n<h3>Gemensam l\u00e4sning under v\u00e5ren &#8211; textkompendium<\/h3>\n<p><span style=\"text-decoration: underline;\">Tidsram f\u00f6r l\u00e4sning:<\/span> 12 mars &#8211; 10 maj<span style=\"text-decoration: underline;\"><br \/>\n<\/span><\/p>\n<p>Under h\u00f6sten fick var och en v\u00e4lja litteratur att f\u00f6rdjupa sig i, den h\u00e4r g\u00e5ngen har vi satt ihop utdrag ur tv\u00e5 b\u00f6cker f\u00f6r gemensam l\u00e4sning.<\/p>\n<p>I texterna m\u00f6ter vi exempel p\u00e5 nyskapande ledarskap och organisering, b\u00e5de inom den mer traditionella \u201dbusiness\u201d-v\u00e4rlden och inom samh\u00e4llsentrepren\u00f6rskap. Texterna lyfter fram verksamheter fr\u00e5n en rad olika l\u00e4nder!<\/p>\n<p>B\u00e5da utdragen \u00e4r kapitel fr\u00e5n b\u00f6cker p\u00e5 engelska, d\u00e4rf\u00f6r kan det finnas en del begrepp som vi beh\u00f6ver \u00f6vers\u00e4tta tillsammans f\u00f6r att \u00f6ka f\u00f6rst\u00e5elsen. Jag (August) kommer b\u00f6rja med att lyfta n\u00e5gra s\u00e5dana ord och begrepp i kursforumet, jag hoppas ni vill fylla i med de ord ni stannar upp vid \u2013 och s\u00e5 reder vi ut vad de betyder tillsammans.<\/p>\n<p style=\"padding-left: 40px;\">Fr\u00e5gor att t\u00e4nka kring efter l\u00e4sningen:<br \/>\n\u2022 Vad reagerar du p\u00e5 i l\u00e4sningen? Vad s\u00e4tter ig\u00e5ng dina k\u00e4nslor och tankar?<br \/>\n\u2022 Finns det ber\u00f6ringspunkter med de projekt och initiativ som du har varit involverad i, och de du utvecklar?<br \/>\n\u2022 Vilka nya perspektiv eller nya fr\u00e5gor v\u00e4cker texterna?<\/p>\n<p><strong>Texterna:<\/strong> Vi l\u00e4ser tv\u00e5 kapitel ur boken \u201dEmpowering Leadership of Tomorrow\u201d (Ryszard Praszkier, 2018) och ett kapitel ur \u201dFrom the Other Side of the World: Extraordinary Entrepreneurs; Unlikely Places\u201d (Elmira Bayrasli, 2015). <a href=\"https:\/\/samhallsentreprenor.glokala.net\/she2\/groups\/kursforum-2018-2019\/forum\/topic\/gemensam-lasning-vt-textkompendium\/\">Ladda ner texterna via kursforumet \u2192<\/a><\/p>\n<p><strong>Uppf\u00f6ljning:<\/strong> <strong>Vi g\u00f6r ett gemensamt onlinesamtal<\/strong> och utbyter tankar, fredag 17 maj kl 12:00 \u2013 13:00, via Zoom. Boka in tiden i kalendern!<\/p>\n<p>Anslut till samtalet via: <a href=\"https:\/\/zoom.us\/j\/671923357\" rel=\"nofollow\">https:\/\/zoom.us\/j\/671923357<\/a><br \/>\nDu kan testa Zoom i f\u00f6rv\u00e4g via: <a href=\"https:\/\/zoom.us\/test\" rel=\"nofollow\">https:\/\/zoom.us\/test<\/a><\/p>\n<p>Var och en f\u00e5r tid att dela med sig av sina tankar, och vi f\u00e5r m\u00f6jlighet att diskutera.<\/p>\n<p>Fr\u00e5gor att t\u00e4nka kring inf\u00f6r samtalet:<br \/>\n\u2022 Vad reagerar du p\u00e5 i l\u00e4sningen? Vad s\u00e4tter ig\u00e5ng dina k\u00e4nslor och tankar?<br \/>\n\u2022 Finns det ber\u00f6ringspunkter med de projekt och initiativ som du har varit involverad i, och de du utvecklar?<br \/>\n\u2022 Vilka nya perspektiv eller nya fr\u00e5gor v\u00e4cker texterna?<\/p>\n<p>Att t\u00e4nka p\u00e5 under samtalet:<br \/>\n\u2013 Anv\u00e4nd headset \/ h\u00f6rlurar f\u00f6r att h\u00f6ra bra, och undvika st\u00f6rande ljud under samtalet.<br \/>\n\u2013 N\u00e4r du inte sj\u00e4lv pratar \u00e4r det bra att st\u00e4nga av ljudet p\u00e5 din mikrofon via \u201dmute\u201d-funktionen. Det minskar risken f\u00f6r rundg\u00e5ng och st\u00f6rande bakgrundsljud.<br \/>\n\u2013 Klicka upp chattdelen d\u00e4r text kan skrivas, s\u00e5 kan vi st\u00e4lla fr\u00e5gor, tipsa om l\u00e4nkar mm direkt i chatten samtidigt som vi pratar.<\/p>\n<p>Maila eller ring g\u00e4rna om du har fr\u00e5gor, om uppl\u00e4gget eller tekniska fr\u00e5gor kring Zoom!<\/p>\n<p><strong>Komplettering &#8211; f\u00f6r dig som inte kunde delta i samtalet<\/strong><\/p>\n<p>Skriv ca 1 A4 med dina reflektioner! Inl\u00e4mning senast 3 juni.<\/p>\n<div id='gallery-1' class='gallery galleryid-6788 gallery-columns-2 gallery-size-thumbnail'><figure class='gallery-item'>\n\t\t\t<div class='gallery-icon portrait'>\n\t\t\t\t<img loading=\"lazy\" decoding=\"async\" width=\"150\" height=\"150\" src=\"https:\/\/i0.wp.com\/samhallsentreprenor.glokala.net\/she2\/wp-content\/uploads\/2019\/03\/9781108433808.jpg?resize=150%2C150&amp;ssl=1\" class=\"attachment-thumbnail size-thumbnail\" alt=\"\" \/>\n\t\t\t<\/div><\/figure><figure class='gallery-item'>\n\t\t\t<div class='gallery-icon portrait'>\n\t\t\t\t<img loading=\"lazy\" decoding=\"async\" width=\"150\" height=\"150\" src=\"https:\/\/i0.wp.com\/samhallsentreprenor.glokala.net\/she2\/wp-content\/uploads\/2019\/03\/other_side.jpg?resize=150%2C150&amp;ssl=1\" class=\"attachment-thumbnail size-thumbnail\" alt=\"\" srcset=\"https:\/\/i0.wp.com\/samhallsentreprenor.glokala.net\/she2\/wp-content\/uploads\/2019\/03\/other_side.jpg?resize=150%2C150&amp;ssl=1 150w, https:\/\/i0.wp.com\/samhallsentreprenor.glokala.net\/she2\/wp-content\/uploads\/2019\/03\/other_side.jpg?zoom=2&amp;resize=150%2C150&amp;ssl=1 300w, https:\/\/i0.wp.com\/samhallsentreprenor.glokala.net\/she2\/wp-content\/uploads\/2019\/03\/other_side.jpg?zoom=3&amp;resize=150%2C150&amp;ssl=1 450w\" sizes=\"auto, (max-width: 150px) 100vw, 150px\" \/>\n\t\t\t<\/div><\/figure>\n\t\t<\/div>\n\n<p>:::::::::::::::::::::::::<\/p>\n<h3>Intryck fr\u00e5n l\u00e4rkonferens 5 mars med projektet <a href=\"http:\/\/socialinnovationskane.se\/\" target=\"_blank\" rel=\"noopener noreferrer\">Social Innovation Sk\u00e5ne<\/a><\/h3>\n<p><em>Under 3 \u00e5r har n\u00e5gra akt\u00f6rer tillsammans utvecklat st\u00f6det till social innovation och till samh\u00e4llsentrepren\u00f6rer i Sk\u00e5ne. Nyligen h\u00f6lls en dag i Malm\u00f6 d\u00e4r en del av l\u00e4rdomarna och effekterna diskuterades.<\/em><\/p>\n<p><strong>Fredrik Bj\u00f6rk<\/strong> (k\u00e4nd fr\u00e5n grund\u00e5ret) delade med sig av tankar utifr\u00e5n sin roll som forskare, och konstaterade att projektet har bidragit till att g\u00f6ra social innovation k\u00e4nt i den regionala kontexten: &#8221;Det har varit viktigt att markera vikten av social innovation, att s\u00e4tta det p\u00e5 kartan&#8221;. Ett s\u00e4tt som det manifesteras p\u00e5 \u00e4r ett <a href=\"http:\/\/socialinnovationskane.se\/wp-content\/uploads\/2019\/03\/Social-Innovation-Sk%C3%A5ne-Positionspapper-2018.pdf\" target=\"_blank\" rel=\"noopener noreferrer\">&#8221;positionspapper&#8221;<\/a>, en viljeriktning f\u00f6r hur st\u00f6det till social innovation ska utvecklas regionalt.<br \/>\nN\u00e5got som har h\u00e4nt under projektets tid \u00e4r \u00e4ven etableringen av de <a href=\"http:\/\/www.globalamalen.se\/\" target=\"_blank\" rel=\"noopener noreferrer\">globala m\u00e5len<\/a>, som har f\u00f6rst\u00e4rkt en f\u00f6rst\u00e5else f\u00f6r hur olika h\u00e5llbarhetssaspeker h\u00e4nger ihop. Det \u00e4r idag l\u00e4ttare att prata om hur det &#8221;sociala&#8221; i social innovation innefattar olika utvecklingsbehov i samh\u00e4llet, det ges en bredare betydelse genom de globala m\u00e5len.<\/p>\n<p><strong>Rebecka Hinn<\/strong> medverkade fr\u00e5n Tillv\u00e4xtverket och ber\u00e4ttade kort om hur deras uppdrag utvecklas. De har nyligen gett st\u00f6d till 17 (av 21) regioner f\u00f6r att utveckla st\u00f6det till socialt f\u00f6retagande regionalt. N\u00e5got de har tagit fram \u00e4r \u00e4ven ett f\u00f6rslag p\u00e5 ett nytt nationellt l\u00e5neprogram riktat till ideella och ekonomiska f\u00f6reningar som har sv\u00e5rt att f\u00e5 l\u00e5n hos traditionella l\u00e5ngivare. Det kommer ocks\u00e5 en aff\u00e4rsutvecklingscheck riktat till sociala f\u00f6retag till sommaren, detta \u00e4r nytt f\u00f6r i \u00e5r. Vi tipsar n\u00e4r det finns mer information om den!<\/p>\n<p><strong>Nya projekt<\/strong> utvecklas i Sk\u00e5ne, som p\u00e5 olika s\u00e4tt krokar i erfarenheterna fr\u00e5n det nu avslutade projektet. L\u00e4s mer om n\u00e5gra av dessa h\u00e4r: <a href=\"http:\/\/socialinnovationskane.se\/nya-projekt-som-framjar-social-innovation-och-foretagande\/\">http:\/\/socialinnovationskane.se\/nya-projekt-som-framjar-social-innovation-och-foretagande\/<\/a><\/p>\n<p><a href=\"https:\/\/samhallsentreprenor.glokala.net\/she2\/wp-content\/uploads\/2019\/03\/SKRIFT-METODPALETT_MASTER.pdf\" target=\"_blank\" rel=\"noopener noreferrer\"><strong>Metodskrift &#8211; f\u00f6rdjupning<\/strong><\/a><br \/>\nErfarenheter fr\u00e5n projektet finns samlade i en <a href=\"https:\/\/samhallsentreprenor.glokala.net\/she2\/wp-content\/uploads\/2019\/03\/SKRIFT-METODPALETT_MASTER.pdf\" target=\"_blank\" rel=\"noopener noreferrer\">&#8221;Metodpalett f\u00f6r social innovation&#8221;<\/a>. I den beskrivs bland annat hur r\u00e5dgivningen riktad till samh\u00e4llsentrepren\u00f6rer har sett ut, st\u00e4mmer det med de behov du upplever, det r\u00e5dgivningsst\u00f6d som beh\u00f6vs?\u00a0 Tv\u00e5 deltagande metoder f\u00f6r kunskaps- och id\u00e9utveckling finns ocks\u00e5 beskrivna, co-labs och pop-up science shops. Tipsar er att l\u00e4sa igenom skriften och stanna upp vid det som \u00e4r intressant! \u00c4r det n\u00e5gon del du \u00e4r nyfiken p\u00e5 att veta mer om har vi bra kontakter inom de akt\u00f6rer som har drivit projektet.<\/p>\n<p><iframe loading=\"lazy\" style=\"border: none; overflow: hidden;\" src=\"https:\/\/www.facebook.com\/plugins\/post.php?href=https%3A%2F%2Fwww.facebook.com%2Fsocialinnovationskane%2Fposts%2F2267470913471552&amp;width=500\" width=\"500\" height=\"747\" frameborder=\"0\" scrolling=\"no\"><\/iframe><\/p>\n","protected":false},"excerpt":{"rendered":"<p>P\u00e5minnelse &#8211; feedback till v\u00e5rens planering Se v\u00e5rens planering \u2192 Kurs\u00f6versikt 2018-2019 (scrolla ner till v 10 och fram\u00e5t!) Det finns utrymme f\u00f6r att l\u00e4gga till ytterligare n\u00e5gra teman eller \u00e4ndra om i planeringen. Finns det fler teman eller moment som du skulle vilja se? (se exempel fr\u00e5n v\u00e5r brainstorming i b\u00f6rjan av kursen p\u00e5 [&hellip;]<\/p>\n","protected":false},"author":1001021,"featured_media":0,"comment_status":"open","ping_status":"open","sticky":false,"template":"","format":"standard","meta":{"_bbp_topic_count":0,"_bbp_reply_count":0,"_bbp_total_topic_count":0,"_bbp_total_reply_count":0,"_bbp_voice_count":0,"_bbp_anonymous_reply_count":0,"_bbp_topic_count_hidden":0,"_bbp_reply_count_hidden":0,"_bbp_forum_subforum_count":0,"_jetpack_memberships_contains_paid_content":false,"footnotes":""},"categories":[18,141,125],"tags":[411,207,10,14,659,29],"class_list":["post-6788","post","type-post","status-publish","format-standard","hentry","category-inspiration","category-kursmoment","category-litteratur","tag-bocker","tag-ledarskap","tag-samhallsentreprenorskap","tag-social-innovation","tag-social-innovation-skane","tag-socialt-entreprenorskap"],"jetpack_featured_media_url":"","jetpack_sharing_enabled":true,"_links":{"self":[{"href":"https:\/\/samhallsentreprenor.glokala.net\/she2\/wp-json\/wp\/v2\/posts\/6788","targetHints":{"allow":["GET"]}}],"collection":[{"href":"https:\/\/samhallsentreprenor.glokala.net\/she2\/wp-json\/wp\/v2\/posts"}],"about":[{"href":"https:\/\/samhallsentreprenor.glokala.net\/she2\/wp-json\/wp\/v2\/types\/post"}],"author":[{"embeddable":true,"href":"https:\/\/samhallsentreprenor.glokala.net\/she2\/wp-json\/wp\/v2\/users\/1001021"}],"replies":[{"embeddable":true,"href":"https:\/\/samhallsentreprenor.glokala.net\/she2\/wp-json\/wp\/v2\/comments?post=6788"}],"version-history":[{"count":9,"href":"https:\/\/samhallsentreprenor.glokala.net\/she2\/wp-json\/wp\/v2\/posts\/6788\/revisions"}],"predecessor-version":[{"id":6946,"href":"https:\/\/samhallsentreprenor.glokala.net\/she2\/wp-json\/wp\/v2\/posts\/6788\/revisions\/6946"}],"wp:attachment":[{"href":"https:\/\/samhallsentreprenor.glokala.net\/she2\/wp-json\/wp\/v2\/media?parent=6788"}],"wp:term":[{"taxonomy":"category","embeddable":true,"href":"https:\/\/samhallsentreprenor.glokala.net\/she2\/wp-json\/wp\/v2\/categories?post=6788"},{"taxonomy":"post_tag","embeddable":true,"href":"https:\/\/samhallsentreprenor.glokala.net\/she2\/wp-json\/wp\/v2\/tags?post=6788"}],"curies":[{"name":"wp","href":"https:\/\/api.w.org\/{rel}","templated":true}]}}