{"id":6836,"date":"2019-03-29T16:17:49","date_gmt":"2019-03-29T15:17:49","guid":{"rendered":"https:\/\/samhallsentreprenor.glokala.net\/she2\/?p=6836"},"modified":"2019-04-29T09:04:12","modified_gmt":"2019-04-29T07:04:12","slug":"v-14-webinar-preston-kommunen-som-lokalekonomisk-motor","status":"publish","type":"post","link":"https:\/\/samhallsentreprenor.glokala.net\/she2\/2019\/03\/v-14-webinar-preston-kommunen-som-lokalekonomisk-motor\/","title":{"rendered":"v 14 Webinar: Preston &#8211; kommunen som lokalekonomisk motor"},"content":{"rendered":"<p><strong>Den h\u00e4r veckan deltar du live eller tittar i efterhand p\u00e5 ett webinar som utg\u00e5r ifr\u00e5n hur en kommun i England &#8211; <a href=\"https:\/\/sv.wikipedia.org\/wiki\/Preston\" target=\"_blank\" rel=\"noopener noreferrer\">Preston<\/a> &#8211; mobiliserar de lokala resurserna.<\/strong><\/p>\n<p>Webinaret h\u00e5lls tisdag 2 april klockan 15.00-16.00, och organiseras av <a href=\"http:\/\/lokalekonomi.helasverige.se\/\" target=\"_blank\" rel=\"noopener noreferrer\">Lokalekonomidagarna<\/a>.<br \/>\nDelta\/f\u00f6lj live via: <a href=\"https:\/\/zoom.us\/j\/415233463\" target=\"_blank\" rel=\"noopener noreferrer\">https:\/\/zoom.us\/j\/415233463<\/a><br \/>\nSe h\u00e4r i efterhand: <a href=\"https:\/\/www.youtube.com\/watch?v=qstzOdZc_bQ\">https:\/\/www.youtube.com\/watch?v=iUUtmYIMAjM<\/a><\/p>\n<h3>Uppv\u00e4rmning &#8211; artikel: <a href=\"https:\/\/www.theguardian.com\/commentisfree\/2019\/mar\/06\/brutal-cuts-fight-back-preston-dragons-den\" target=\"_blank\" rel=\"noopener noreferrer\">&#8221;In an era of brutal cuts, one ordinary place has the imagination to fight back&#8221;<\/a><\/h3>\n<p><a href=\"https:\/\/www.theguardian.com\/commentisfree\/2019\/mar\/06\/brutal-cuts-fight-back-preston-dragons-den\" target=\"_blank\" rel=\"noopener noreferrer\"><img data-recalc-dims=\"1\" loading=\"lazy\" decoding=\"async\" class=\"alignnone size-full wp-image-6838\" src=\"https:\/\/i0.wp.com\/samhallsentreprenor.glokala.net\/she2\/wp-content\/uploads\/2019\/03\/guardian_preston_screen.png?resize=756%2C372&#038;ssl=1\" alt=\"\" width=\"756\" height=\"372\" srcset=\"https:\/\/i0.wp.com\/samhallsentreprenor.glokala.net\/she2\/wp-content\/uploads\/2019\/03\/guardian_preston_screen.png?w=756&amp;ssl=1 756w, https:\/\/i0.wp.com\/samhallsentreprenor.glokala.net\/she2\/wp-content\/uploads\/2019\/03\/guardian_preston_screen.png?resize=400%2C197&amp;ssl=1 400w, https:\/\/i0.wp.com\/samhallsentreprenor.glokala.net\/she2\/wp-content\/uploads\/2019\/03\/guardian_preston_screen.png?resize=624%2C307&amp;ssl=1 624w\" sizes=\"auto, (max-width: 756px) 100vw, 756px\" \/><\/a><\/p>\n<p>Aditya Chakrabortty i The Guardian, 6 mars 2019<\/p>\n<h3>Webinar 2 april, 15:00 &#8211; 16:00: Preston-modellen \u2013 kommunen som motor f\u00f6r lokalekonomisk utveckling<\/h3>\n<p>Delta\/f\u00f6lj live via: <a href=\"https:\/\/zoom.us\/j\/415233463\" target=\"_blank\" rel=\"noopener noreferrer\">https:\/\/zoom.us\/j\/415233463<\/a><\/p>\n<p>Se i efterhand: <a href=\"https:\/\/www.youtube.com\/watch?v=qstzOdZc_bQ\">https:\/\/www.youtube.com\/watch?v=qstzOdZc_bQ<\/a><\/p>\n<p><iframe loading=\"lazy\" title=\"Lokalekonomidagarnas webbinarium: Kommunen som motor f\u00f6r lokalekonomisk utveckling\" width=\"500\" height=\"281\" src=\"https:\/\/www.youtube.com\/embed\/qstzOdZc_bQ?feature=oembed\" frameborder=\"0\" allow=\"accelerometer; autoplay; clipboard-write; encrypted-media; gyroscope; picture-in-picture; web-share\" referrerpolicy=\"strict-origin-when-cross-origin\" allowfullscreen><\/iframe><\/p>\n<p>&#8221;Kommunen Preston, i England, har blivit en internationellt erk\u00e4nd f\u00f6rebild f\u00f6r hur en kommun kan v\u00e4nda ekonomisk nedg\u00e5ng till framg\u00e5ng genom att p\u00e5 ett genomgripande och strategiskt s\u00e4tt satsa p\u00e5 den lokala ekonomin. Bland annat genom att skolor och universitet upphandlar mat och underleverant\u00f6rer fr\u00e5n lokala sm\u00e5f\u00f6retag. I v\u00e5rt n\u00e4sta webbinarium &#8221;Preston-modellen &#8211; kommunen som motor f\u00f6r lokalekonomisk utveckling&#8221; l\u00e4r vi oss mer om hur de jobbat i Preston och diskuterar vad det kan betyda i en svensk kontext. Jonathan Korsar, l\u00e4rare p\u00e5 F\u00e4rnebo folkh\u00f6gskola, f\u00f6rel\u00e4ser och diskuterar fr\u00e5gorna med en panel best\u00e5ende av Eva Ternegren som har skrivit rapporten <a href=\"https:\/\/tillvaxtverket.se\/download\/18.5dbe7d2416201d6b58b792e\/1520498597604\/Socialahansyn_kortversion.pdf\" target=\"_blank\" rel=\"noopener noreferrer\">&#8221;Social h\u00e4nsyn och reserverad upphandling &#8211; en guide f\u00f6r kommunpolitiker och offentliga ink\u00f6pare&#8221;<\/a> och Teresa H\u00e4gglund, upphandlingschef i Bodens kommun som <a href=\"http:\/\/mattanken.se\/mattanken\/laravandra\/inspirerandeexempel\/exempel\/lokalaskafferiforenlevandelandsbygd.5.63ce7af168237994fb8e03c.html\" target=\"_blank\" rel=\"noopener noreferrer\">arbetat f\u00f6r att f\u00e5 in mer lokalproducerat i offentliga k\u00f6k<\/a>.&#8221;<\/p>\n<p><img data-recalc-dims=\"1\" loading=\"lazy\" decoding=\"async\" class=\"alignnone size-large wp-image-6837\" src=\"https:\/\/i0.wp.com\/samhallsentreprenor.glokala.net\/she2\/wp-content\/uploads\/2019\/03\/prestonmodeleconomicdev.png?resize=1024%2C662&#038;ssl=1\" alt=\"\" width=\"1024\" height=\"662\" srcset=\"https:\/\/i0.wp.com\/samhallsentreprenor.glokala.net\/she2\/wp-content\/uploads\/2019\/03\/prestonmodeleconomicdev.png?resize=1024%2C662&amp;ssl=1 1024w, https:\/\/i0.wp.com\/samhallsentreprenor.glokala.net\/she2\/wp-content\/uploads\/2019\/03\/prestonmodeleconomicdev.png?resize=400%2C259&amp;ssl=1 400w, https:\/\/i0.wp.com\/samhallsentreprenor.glokala.net\/she2\/wp-content\/uploads\/2019\/03\/prestonmodeleconomicdev.png?resize=768%2C497&amp;ssl=1 768w, https:\/\/i0.wp.com\/samhallsentreprenor.glokala.net\/she2\/wp-content\/uploads\/2019\/03\/prestonmodeleconomicdev.png?resize=624%2C404&amp;ssl=1 624w, https:\/\/i0.wp.com\/samhallsentreprenor.glokala.net\/she2\/wp-content\/uploads\/2019\/03\/prestonmodeleconomicdev.png?w=2000&amp;ssl=1 2000w\" sizes=\"auto, (max-width: 1000px) 100vw, 1000px\" \/><\/p>\n<p><em>Infografiken kommer h\u00e4rifr\u00e5n: <a href=\"https:\/\/thenextsystem.org\/learn\/stories\/infographic-preston-model\" target=\"_blank\" rel=\"noopener noreferrer\">https:\/\/thenextsystem.org\/learn\/stories\/infographic-preston-model<\/a><\/em><\/p>\n","protected":false},"excerpt":{"rendered":"<p>Den h\u00e4r veckan deltar du live eller tittar i efterhand p\u00e5 ett webinar som utg\u00e5r ifr\u00e5n hur en kommun i England &#8211; Preston &#8211; mobiliserar de lokala resurserna. Webinaret h\u00e5lls tisdag 2 april klockan 15.00-16.00, och organiseras av Lokalekonomidagarna. Delta\/f\u00f6lj live via: https:\/\/zoom.us\/j\/415233463 Se h\u00e4r i efterhand: https:\/\/www.youtube.com\/watch?v=iUUtmYIMAjM Uppv\u00e4rmning &#8211; artikel: &#8221;In an era of [&hellip;]<\/p>\n","protected":false},"author":1001021,"featured_media":0,"comment_status":"open","ping_status":"open","sticky":false,"template":"","format":"standard","meta":{"_bbp_topic_count":0,"_bbp_reply_count":0,"_bbp_total_topic_count":0,"_bbp_total_reply_count":0,"_bbp_voice_count":0,"_bbp_anonymous_reply_count":0,"_bbp_topic_count_hidden":0,"_bbp_reply_count_hidden":0,"_bbp_forum_subforum_count":0,"_jetpack_memberships_contains_paid_content":false,"footnotes":""},"categories":[141],"tags":[420,628,421,419,662],"class_list":["post-6836","post","type-post","status-publish","format-standard","hentry","category-kursmoment","tag-hallbar-ekonomi","tag-lokal-ekonomi","tag-lokal-utveckling","tag-lokalekonomidagarna","tag-preston"],"jetpack_featured_media_url":"","jetpack_sharing_enabled":true,"_links":{"self":[{"href":"https:\/\/samhallsentreprenor.glokala.net\/she2\/wp-json\/wp\/v2\/posts\/6836","targetHints":{"allow":["GET"]}}],"collection":[{"href":"https:\/\/samhallsentreprenor.glokala.net\/she2\/wp-json\/wp\/v2\/posts"}],"about":[{"href":"https:\/\/samhallsentreprenor.glokala.net\/she2\/wp-json\/wp\/v2\/types\/post"}],"author":[{"embeddable":true,"href":"https:\/\/samhallsentreprenor.glokala.net\/she2\/wp-json\/wp\/v2\/users\/1001021"}],"replies":[{"embeddable":true,"href":"https:\/\/samhallsentreprenor.glokala.net\/she2\/wp-json\/wp\/v2\/comments?post=6836"}],"version-history":[{"count":6,"href":"https:\/\/samhallsentreprenor.glokala.net\/she2\/wp-json\/wp\/v2\/posts\/6836\/revisions"}],"predecessor-version":[{"id":6889,"href":"https:\/\/samhallsentreprenor.glokala.net\/she2\/wp-json\/wp\/v2\/posts\/6836\/revisions\/6889"}],"wp:attachment":[{"href":"https:\/\/samhallsentreprenor.glokala.net\/she2\/wp-json\/wp\/v2\/media?parent=6836"}],"wp:term":[{"taxonomy":"category","embeddable":true,"href":"https:\/\/samhallsentreprenor.glokala.net\/she2\/wp-json\/wp\/v2\/categories?post=6836"},{"taxonomy":"post_tag","embeddable":true,"href":"https:\/\/samhallsentreprenor.glokala.net\/she2\/wp-json\/wp\/v2\/tags?post=6836"}],"curies":[{"name":"wp","href":"https:\/\/api.w.org\/{rel}","templated":true}]}}