{"id":6866,"date":"2019-04-15T11:08:07","date_gmt":"2019-04-15T09:08:07","guid":{"rendered":"https:\/\/samhallsentreprenor.glokala.net\/she2\/?p=6866"},"modified":"2019-04-15T11:20:09","modified_gmt":"2019-04-15T09:20:09","slug":"v-16-paskvecka-med-inspiration","status":"publish","type":"post","link":"https:\/\/samhallsentreprenor.glokala.net\/she2\/2019\/04\/v-16-paskvecka-med-inspiration\/","title":{"rendered":"v 16 P\u00e5skvecka med inspiration!"},"content":{"rendered":"<h2>Film: <a href=\"https:\/\/www.youtube.com\/watch?v=mWe6Nhn5Crw\" target=\"_blank\" rel=\"noreferrer noopener\" aria-label=\"YALLA! - Vi lever (opens in a new tab)\">YALLA! \u2013 Vi lever<\/a> (46 min, 2018)<\/h2>\n<p>I filmen f\u00e5r vi m\u00f6ta n\u00e5gra av kvinnorna som jobbar i det sociala f\u00f6retaget &amp; kooperativet Yalla Trappan i Malm\u00f6, med varma portr\u00e4tt och inblick i verksamheten.<\/p>\n<p>Vad tar du intryck av, vad fascinerar? Associerar du till andra verksamheter som du har varit i kontakt med, eller varit en del av? Vad utel\u00e4mnas i filmen, och vilka unders\u00f6kande fr\u00e5gor hade du velat st\u00e4lla som dokument\u00e4rfilmare?<\/p>\n<p><iframe loading=\"lazy\" title=\"YALLA! - Vi lever (Svensk undertext)\" width=\"500\" height=\"281\" src=\"https:\/\/www.youtube.com\/embed\/mWe6Nhn5Crw?feature=oembed\" frameborder=\"0\" allow=\"accelerometer; autoplay; clipboard-write; encrypted-media; gyroscope; picture-in-picture; web-share\" referrerpolicy=\"strict-origin-when-cross-origin\" allowfullscreen><\/iframe><\/p>\n<p><strong>Aktuellt om Yalla Trappan: Nyligen presenterades ett samarbete med H&amp;M, med syverkstad i en av HM:s centrala butiker i Malm\u00f6.<\/strong><\/p>\n<p>Artikel i Sk\u00e5nska dagbladet 20 mars, <a href=\"https:\/\/www.skd.se\/2019\/03\/20\/yalla-trappan-pa-plats-i-en-ny-butik\/\" target=\"_blank\" rel=\"noreferrer noopener\" aria-label=\"&quot;Yalla Trappan p\u00e5 plats i en ny butik&quot; (opens in a new tab)\">\u201cYalla Trappan p\u00e5 plats i en ny butik\u201d<\/a><\/p>\n<hr \/>\n<h2>Artikel: <a href=\"https:\/\/tidningensyre.se\/goteborg\/2019\/nummer-188\/smarta-kartan-2-0-tar-delning-till-nasta-niva\/\" target=\"_blank\" rel=\"noopener noreferrer\">Smarta kartan 2.0 tar delning till n\u00e4sta niv\u00e5<\/a><\/h2>\n<p>Maja Andersson i Syre nr 188, 9 april 2019.<\/p>\n<blockquote><p>&#8221;Den st\u00f6rsta nyheten med Smarta kartan 2.0 \u00e4r att den numera har en \u00f6ppen k\u00e4llkod, vilket inneb\u00e4r att andra kan anv\u00e4nda sig av den f\u00f6r att skapa egna kartor. Och det har redan spridit sig: i veckan lanserades Smarta kartan i Malm\u00f6 och det \u00e4r \u00e4ven p\u00e5 g\u00e5ng i Sjuh\u00e4rad. Jonathan Mattebo Persson hoppas att det bara \u00e4r b\u00f6rjan, men p\u00e5pekar att det kr\u00e4vs ett lokalt engagemang f\u00f6r att starta upp kartor i andra st\u00e4der.<\/p>\n<p>\u2013 Vi i G\u00f6teborg arbetar med det h\u00e4r volont\u00e4rt och har inte resurser att kvalitetss\u00e4kra en karta i till exempel Stockholm, framf\u00f6r allt inte l\u00f6pande. Alla som h\u00f6r av sig till oss samlar vi ihop i en gemensam grupp p\u00e5 sociala medier, och till slut har de muskler nog att v\u00e5ga administrera och starta en egen karta.&#8221;<\/p><\/blockquote>\n<p><a href=\"https:\/\/tidningensyre.se\/goteborg\/2019\/nummer-188\/smarta-kartan-2-0-tar-delning-till-nasta-niva\/\" target=\"_blank\" rel=\"noopener noreferrer\"><img data-recalc-dims=\"1\" loading=\"lazy\" decoding=\"async\" class=\"alignnone size-full wp-image-6868\" src=\"https:\/\/i0.wp.com\/samhallsentreprenor.glokala.net\/she2\/wp-content\/uploads\/2019\/04\/syre_screen_smartakartan.png?resize=1000%2C893&#038;ssl=1\" alt=\"\" width=\"1000\" height=\"893\" srcset=\"https:\/\/i0.wp.com\/samhallsentreprenor.glokala.net\/she2\/wp-content\/uploads\/2019\/04\/syre_screen_smartakartan.png?w=1000&amp;ssl=1 1000w, https:\/\/i0.wp.com\/samhallsentreprenor.glokala.net\/she2\/wp-content\/uploads\/2019\/04\/syre_screen_smartakartan.png?resize=400%2C357&amp;ssl=1 400w, https:\/\/i0.wp.com\/samhallsentreprenor.glokala.net\/she2\/wp-content\/uploads\/2019\/04\/syre_screen_smartakartan.png?resize=768%2C686&amp;ssl=1 768w, https:\/\/i0.wp.com\/samhallsentreprenor.glokala.net\/she2\/wp-content\/uploads\/2019\/04\/syre_screen_smartakartan.png?resize=624%2C557&amp;ssl=1 624w\" sizes=\"auto, (max-width: 1000px) 100vw, 1000px\" \/><\/a><\/p>\n<p>\u2192 Utforska kartan p\u00e5 <a href=\"https:\/\/smartakartan.se\/\" target=\"_blank\" rel=\"noopener noreferrer\">https:\/\/smartakartan.se\/<\/a><\/p>\n","protected":false},"excerpt":{"rendered":"<p>Film: YALLA! \u2013 Vi lever (46 min, 2018) I filmen f\u00e5r vi m\u00f6ta n\u00e5gra av kvinnorna som jobbar i det sociala f\u00f6retaget &amp; kooperativet Yalla Trappan i Malm\u00f6, med varma portr\u00e4tt och inblick i verksamheten. Vad tar du intryck av, vad fascinerar? Associerar du till andra verksamheter som du har varit i kontakt med, eller [&hellip;]<\/p>\n","protected":false},"author":1001021,"featured_media":0,"comment_status":"open","ping_status":"open","sticky":false,"template":"","format":"standard","meta":{"_bbp_topic_count":0,"_bbp_reply_count":0,"_bbp_total_topic_count":0,"_bbp_total_reply_count":0,"_bbp_voice_count":0,"_bbp_anonymous_reply_count":0,"_bbp_topic_count_hidden":0,"_bbp_reply_count_hidden":0,"_bbp_forum_subforum_count":0,"_jetpack_memberships_contains_paid_content":false,"footnotes":""},"categories":[18,141],"tags":[486,493,667,553],"class_list":["post-6866","post","type-post","status-publish","format-standard","hentry","category-inspiration","category-kursmoment","tag-delande-ekonomi","tag-kollaborativ-ekonomi","tag-smarta-kartan","tag-yalla-trappan"],"jetpack_featured_media_url":"","jetpack_sharing_enabled":true,"_links":{"self":[{"href":"https:\/\/samhallsentreprenor.glokala.net\/she2\/wp-json\/wp\/v2\/posts\/6866","targetHints":{"allow":["GET"]}}],"collection":[{"href":"https:\/\/samhallsentreprenor.glokala.net\/she2\/wp-json\/wp\/v2\/posts"}],"about":[{"href":"https:\/\/samhallsentreprenor.glokala.net\/she2\/wp-json\/wp\/v2\/types\/post"}],"author":[{"embeddable":true,"href":"https:\/\/samhallsentreprenor.glokala.net\/she2\/wp-json\/wp\/v2\/users\/1001021"}],"replies":[{"embeddable":true,"href":"https:\/\/samhallsentreprenor.glokala.net\/she2\/wp-json\/wp\/v2\/comments?post=6866"}],"version-history":[{"count":4,"href":"https:\/\/samhallsentreprenor.glokala.net\/she2\/wp-json\/wp\/v2\/posts\/6866\/revisions"}],"predecessor-version":[{"id":6872,"href":"https:\/\/samhallsentreprenor.glokala.net\/she2\/wp-json\/wp\/v2\/posts\/6866\/revisions\/6872"}],"wp:attachment":[{"href":"https:\/\/samhallsentreprenor.glokala.net\/she2\/wp-json\/wp\/v2\/media?parent=6866"}],"wp:term":[{"taxonomy":"category","embeddable":true,"href":"https:\/\/samhallsentreprenor.glokala.net\/she2\/wp-json\/wp\/v2\/categories?post=6866"},{"taxonomy":"post_tag","embeddable":true,"href":"https:\/\/samhallsentreprenor.glokala.net\/she2\/wp-json\/wp\/v2\/tags?post=6866"}],"curies":[{"name":"wp","href":"https:\/\/api.w.org\/{rel}","templated":true}]}}