{"id":6929,"date":"2019-05-14T15:45:34","date_gmt":"2019-05-14T13:45:34","guid":{"rendered":"https:\/\/samhallsentreprenor.glokala.net\/she2\/?p=6929"},"modified":"2019-05-14T15:45:34","modified_gmt":"2019-05-14T13:45:34","slug":"v-20-webinar-the-launch-formula-samtal-om-gemensam-lasning","status":"publish","type":"post","link":"https:\/\/samhallsentreprenor.glokala.net\/she2\/2019\/05\/v-20-webinar-the-launch-formula-samtal-om-gemensam-lasning\/","title":{"rendered":"v 20 Webinar: The Launch Formula + samtal om gemensam l\u00e4sning"},"content":{"rendered":"<h3>Inspiration: <a href=\"https:\/\/zoom.us\/webinar\/register\/3115567615223\/WN_H-tDRoJBSn2duk-kOtCxmw\" target=\"_blank\" rel=\"noopener noreferrer\">Webinar &#8211; The Social Enterprise Launch Formula<\/a> (ca 1 timme)<\/h3>\n<p><a href=\"https:\/\/zoom.us\/webinar\/register\/3115567615223\/WN_H-tDRoJBSn2duk-kOtCxmw\" target=\"_blank\" rel=\"noopener noreferrer\"><img data-recalc-dims=\"1\" loading=\"lazy\" decoding=\"async\" class=\"alignnone size-full wp-image-6930\" src=\"https:\/\/i0.wp.com\/samhallsentreprenor.glokala.net\/she2\/wp-content\/uploads\/2019\/05\/08674f58-02cf-468e-96d6-702d4c83ed19.png?resize=640%2C200&#038;ssl=1\" alt=\"\" width=\"640\" height=\"200\" srcset=\"https:\/\/i0.wp.com\/samhallsentreprenor.glokala.net\/she2\/wp-content\/uploads\/2019\/05\/08674f58-02cf-468e-96d6-702d4c83ed19.png?w=640&amp;ssl=1 640w, https:\/\/i0.wp.com\/samhallsentreprenor.glokala.net\/she2\/wp-content\/uploads\/2019\/05\/08674f58-02cf-468e-96d6-702d4c83ed19.png?resize=400%2C125&amp;ssl=1 400w, https:\/\/i0.wp.com\/samhallsentreprenor.glokala.net\/she2\/wp-content\/uploads\/2019\/05\/08674f58-02cf-468e-96d6-702d4c83ed19.png?resize=624%2C195&amp;ssl=1 624w\" sizes=\"auto, (max-width: 640px) 100vw, 640px\" \/><\/a><\/p>\n<p><a href=\"https:\/\/zoom.us\/webinar\/register\/3115567615223\/WN_H-tDRoJBSn2duk-kOtCxmw\" target=\"_blank\" rel=\"noopener noreferrer\">Se ett webinar<\/a> i efterhand med n\u00e5gra av de drivande bakom crowdfunding-plattformen <a href=\"https:\/\/startsomegood.com\/\" target=\"_blank\" rel=\"noopener noreferrer\">StartSomeGood<\/a>. (Registrering kr\u00e4vs f\u00f6r att se webinaret)<\/p>\n<p>I fokus \u00e4r en &#8221;formel&#8221; f\u00f6r att g\u00f6ra sig redo att lansera en id\u00e9, i f\u00f6rsta hand med sociala f\u00f6retag i \u00e5tanke. I presentationen f\u00f6resl\u00e5s att det beh\u00f6vs:<br \/>\nClarity &#8211; tydlighet i kommunikationen<br \/>\nCredibility &#8211; \u00f6vertyga om din\/er kapacitet<br \/>\nCommunities &#8211; en tanke om vilka grupper\/sammanhang du vill involvera, n\u00e5 ut till<br \/>\nChannels &#8211; p\u00e5 vilka s\u00e4tt du ska n\u00e5 fram<br \/>\nCourage &#8211; mod att testa<\/p>\n<p>Mer detaljer i webinaret!<\/p>\n<hr \/>\n<h3>Samtal online om gemensam l\u00e4sning: 17 maj kl 12-13<\/h3>\n<p>Vi g\u00f6r ett gemensamt onlinesamtal och utbyter tankar, fredag 17 maj kl 12:00 \u2013 13:00, via Zoom.<\/p>\n<p>Textkompendiet f\u00f6r den gemensamma l\u00e4sningen finns presenterat h\u00e4r: <a href=\"https:\/\/samhallsentreprenor.glokala.net\/she2\/2019\/03\/v-11-gemensam-lasning-vt-intryck-fran-larkonferens-med-social-innovation-skane\/\">https:\/\/samhallsentreprenor.glokala.net\/she2\/2019\/03\/v-11-gemensam-lasning-vt-intryck-fran-larkonferens-med-social-innovation-skane\/<\/a><\/p>\n<p>Anslut till samtalet via: <a href=\"https:\/\/zoom.us\/j\/671923357\" rel=\"nofollow\">https:\/\/zoom.us\/j\/671923357<\/a><br \/>\nDu kan testa Zoom i f\u00f6rv\u00e4g via: <a href=\"https:\/\/zoom.us\/test\" rel=\"nofollow\">https:\/\/zoom.us\/test<\/a><\/p>\n<p>Var och en f\u00e5r tid att dela med sig av sina tankar, och vi f\u00e5r m\u00f6jlighet att diskutera.<\/p>\n<p>Fr\u00e5gor att t\u00e4nka kring inf\u00f6r samtalet:<br \/>\n\u2022 Vad reagerar du p\u00e5 i l\u00e4sningen? Vad s\u00e4tter ig\u00e5ng dina k\u00e4nslor och tankar?<br \/>\n\u2022 Finns det ber\u00f6ringspunkter med de projekt och initiativ som du har varit involverad i, och de du utvecklar?<br \/>\n\u2022 Vilka nya perspektiv eller nya fr\u00e5gor v\u00e4cker texterna?<\/p>\n<p>Att t\u00e4nka p\u00e5 under samtalet:<br \/>\n\u2013 Anv\u00e4nd headset \/ h\u00f6rlurar f\u00f6r att h\u00f6ra bra, och undvika st\u00f6rande ljud under samtalet.<br \/>\n\u2013 N\u00e4r du inte sj\u00e4lv pratar \u00e4r det bra att st\u00e4nga av ljudet p\u00e5 din mikrofon via \u201dmute\u201d-funktionen. Det minskar risken f\u00f6r rundg\u00e5ng och st\u00f6rande bakgrundsljud.<br \/>\n\u2013 Klicka upp chattdelen d\u00e4r text kan skrivas, s\u00e5 kan vi st\u00e4lla fr\u00e5gor, tipsa om l\u00e4nkar mm direkt i chatten samtidigt som vi pratar.<\/p>\n<p>Maila eller ring g\u00e4rna om du har fr\u00e5gor, om uppl\u00e4gget eller tekniska fr\u00e5gor kring Zoom!<\/p>\n","protected":false},"excerpt":{"rendered":"<p>Inspiration: Webinar &#8211; The Social Enterprise Launch Formula (ca 1 timme) Se ett webinar i efterhand med n\u00e5gra av de drivande bakom crowdfunding-plattformen StartSomeGood. (Registrering kr\u00e4vs f\u00f6r att se webinaret) I fokus \u00e4r en &#8221;formel&#8221; f\u00f6r att g\u00f6ra sig redo att lansera en id\u00e9, i f\u00f6rsta hand med sociala f\u00f6retag i \u00e5tanke. I presentationen f\u00f6resl\u00e5s [&hellip;]<\/p>\n","protected":false},"author":1001021,"featured_media":0,"comment_status":"open","ping_status":"open","sticky":false,"template":"","format":"standard","meta":{"_bbp_topic_count":0,"_bbp_reply_count":0,"_bbp_total_topic_count":0,"_bbp_total_reply_count":0,"_bbp_voice_count":0,"_bbp_anonymous_reply_count":0,"_bbp_topic_count_hidden":0,"_bbp_reply_count_hidden":0,"_bbp_forum_subforum_count":0,"_jetpack_memberships_contains_paid_content":false,"footnotes":""},"categories":[18,141],"tags":[],"class_list":["post-6929","post","type-post","status-publish","format-standard","hentry","category-inspiration","category-kursmoment"],"jetpack_featured_media_url":"","jetpack_sharing_enabled":true,"_links":{"self":[{"href":"https:\/\/samhallsentreprenor.glokala.net\/she2\/wp-json\/wp\/v2\/posts\/6929","targetHints":{"allow":["GET"]}}],"collection":[{"href":"https:\/\/samhallsentreprenor.glokala.net\/she2\/wp-json\/wp\/v2\/posts"}],"about":[{"href":"https:\/\/samhallsentreprenor.glokala.net\/she2\/wp-json\/wp\/v2\/types\/post"}],"author":[{"embeddable":true,"href":"https:\/\/samhallsentreprenor.glokala.net\/she2\/wp-json\/wp\/v2\/users\/1001021"}],"replies":[{"embeddable":true,"href":"https:\/\/samhallsentreprenor.glokala.net\/she2\/wp-json\/wp\/v2\/comments?post=6929"}],"version-history":[{"count":1,"href":"https:\/\/samhallsentreprenor.glokala.net\/she2\/wp-json\/wp\/v2\/posts\/6929\/revisions"}],"predecessor-version":[{"id":6931,"href":"https:\/\/samhallsentreprenor.glokala.net\/she2\/wp-json\/wp\/v2\/posts\/6929\/revisions\/6931"}],"wp:attachment":[{"href":"https:\/\/samhallsentreprenor.glokala.net\/she2\/wp-json\/wp\/v2\/media?parent=6929"}],"wp:term":[{"taxonomy":"category","embeddable":true,"href":"https:\/\/samhallsentreprenor.glokala.net\/she2\/wp-json\/wp\/v2\/categories?post=6929"},{"taxonomy":"post_tag","embeddable":true,"href":"https:\/\/samhallsentreprenor.glokala.net\/she2\/wp-json\/wp\/v2\/tags?post=6929"}],"curies":[{"name":"wp","href":"https:\/\/api.w.org\/{rel}","templated":true}]}}