{"id":7064,"date":"2019-09-04T09:30:38","date_gmt":"2019-09-04T07:30:38","guid":{"rendered":"https:\/\/samhallsentreprenor.glokala.net\/she2\/?p=7064"},"modified":"2019-09-04T09:30:38","modified_gmt":"2019-09-04T07:30:38","slug":"kurstraff-11-12-oktober-intresseanmalan","status":"publish","type":"post","link":"https:\/\/samhallsentreprenor.glokala.net\/she2\/2019\/09\/kurstraff-11-12-oktober-intresseanmalan\/","title":{"rendered":"Kurstr\u00e4ff 11-12 oktober &#8211; intresseanm\u00e4lan"},"content":{"rendered":"<p>Den 11-12 oktober ligger v\u00e5r f\u00f6rsta kurstr\u00e4ff inplanerad, och h\u00e4r kommer en f\u00f6rsta intresseanm\u00e4lan. Den h\u00e4r anm\u00e4lan \u00e4r inte bindande &#8212; vi vill kolla av intresset f\u00f6r att f\u00e5 ett hum om hur m\u00e5nga som vill och kan komma.<\/p>\n<p>Kurstr\u00e4ffen kommer att \u00e4ga rum i Malm\u00f6 och g\u00f6rs tillsammans med grundkursen <em>Samh\u00e4llsentrepren\u00f6r<\/em>. Inneh\u00e5llet \u00e4r inte spikat \u00e4n, men det kommer inneh\u00e5lla sp\u00e4nnande aktiviteter som studiebes\u00f6k, sociala aktiviteter och framf\u00f6r allt m\u00f6jligheten att tr\u00e4ffa varandra IRL! Senast tv\u00e5 veckor innan tr\u00e4ffen kommer ett f\u00e4rdigt schema f\u00f6r tr\u00e4ffen att skickas ut.<\/p>\n<p>Prelimin\u00e4ra\u00a0h\u00e5lltider\u00a0f\u00f6r dagarna \u00e4r:<br \/>\nFredag 11 okt 12:00 &#8211; 18:00<br \/>\nL\u00f6rdag 12 okt 09:30 &#8211; 15:00<\/p>\n<p>Ni ordnar och betalar resa och boende sj\u00e4lva, men Glokala Folkh\u00f6gskolan erbjuder upp till 750 kronors resers\u00e4ttning f\u00f6r er som kommer l\u00e5ngv\u00e4ga. Vi kan ocks\u00e5 hj\u00e4lpa er med tips om boende.<\/p>\n<div><\/div>\n<blockquote><p><span style=\"color: #555555; font-size: 21px; font-weight: 600; background-color: #f6f7f8;\">Generellt om kursens tr\u00e4ffar<\/span><\/p>\n<p>Under kursen genomf\u00f6rs tre tr\u00e4ffar i Malm\u00f6*. Tr\u00e4ffarna syftar till att skapa m\u00f6jligheter till personliga m\u00f6ten p\u00e5 ett s\u00e4tt som inte riktigt \u00e4r m\u00f6jligt via internet. Under dessa dagar kommer vi att ha olika typer av aktiviteter under \u2013 det kan handla om allt fr\u00e5n f\u00f6rel\u00e4sningar till studiebes\u00f6k och \u00e4ven olika sociala aktiviteter. Fullst\u00e4ndigt program f\u00f6r tr\u00e4ffarna kommer att meddelas senast ett par veckor innan genomf\u00f6randet. \u00c4ven om Glokala folkh\u00f6gskolan utg\u00f6r v\u00e5r bas, kommer vi ocks\u00e5 att vara p\u00e5 annat h\u00e5ll under tr\u00e4ffarna. Eventuell \u00f6vernattning ordnas p\u00e5 egen hand, men vi hj\u00e4lper till med tips om m\u00f6jligheter i n\u00e4rheten.<\/p>\n<p>* en under h\u00f6stterminen och tv\u00e5 under v\u00e5rterminen<\/p><\/blockquote>\n<p><iframe loading=\"lazy\" src=\"https:\/\/docs.google.com\/forms\/d\/e\/1FAIpQLSfLT2kf_tK9-s3fQXC1L5BltF3wAdlKxfy2s2udV0CeEH508A\/viewform?embedded=true\" width=\"700\" height=\"520\" frameborder=\"0\" marginwidth=\"0\" marginheight=\"0\">L\u00e4ser in\u00a0\u2026<\/iframe><\/p>\n","protected":false},"excerpt":{"rendered":"<p>Den 11-12 oktober ligger v\u00e5r f\u00f6rsta kurstr\u00e4ff inplanerad, och h\u00e4r kommer en f\u00f6rsta intresseanm\u00e4lan. Den h\u00e4r anm\u00e4lan \u00e4r inte bindande &#8212; vi vill kolla av intresset f\u00f6r att f\u00e5 ett hum om hur m\u00e5nga som vill och kan komma. Kurstr\u00e4ffen kommer att \u00e4ga rum i Malm\u00f6 och g\u00f6rs tillsammans med grundkursen Samh\u00e4llsentrepren\u00f6r. Inneh\u00e5llet \u00e4r inte [&hellip;]<\/p>\n","protected":false},"author":1001062,"featured_media":0,"comment_status":"open","ping_status":"open","sticky":false,"template":"","format":"standard","meta":{"_bbp_topic_count":0,"_bbp_reply_count":0,"_bbp_total_topic_count":0,"_bbp_total_reply_count":0,"_bbp_voice_count":0,"_bbp_anonymous_reply_count":0,"_bbp_topic_count_hidden":0,"_bbp_reply_count_hidden":0,"_bbp_forum_subforum_count":0,"_jetpack_memberships_contains_paid_content":false,"footnotes":""},"categories":[18],"tags":[],"class_list":["post-7064","post","type-post","status-publish","format-standard","hentry","category-inspiration"],"jetpack_featured_media_url":"","jetpack_sharing_enabled":true,"_links":{"self":[{"href":"https:\/\/samhallsentreprenor.glokala.net\/she2\/wp-json\/wp\/v2\/posts\/7064","targetHints":{"allow":["GET"]}}],"collection":[{"href":"https:\/\/samhallsentreprenor.glokala.net\/she2\/wp-json\/wp\/v2\/posts"}],"about":[{"href":"https:\/\/samhallsentreprenor.glokala.net\/she2\/wp-json\/wp\/v2\/types\/post"}],"author":[{"embeddable":true,"href":"https:\/\/samhallsentreprenor.glokala.net\/she2\/wp-json\/wp\/v2\/users\/1001062"}],"replies":[{"embeddable":true,"href":"https:\/\/samhallsentreprenor.glokala.net\/she2\/wp-json\/wp\/v2\/comments?post=7064"}],"version-history":[{"count":6,"href":"https:\/\/samhallsentreprenor.glokala.net\/she2\/wp-json\/wp\/v2\/posts\/7064\/revisions"}],"predecessor-version":[{"id":7070,"href":"https:\/\/samhallsentreprenor.glokala.net\/she2\/wp-json\/wp\/v2\/posts\/7064\/revisions\/7070"}],"wp:attachment":[{"href":"https:\/\/samhallsentreprenor.glokala.net\/she2\/wp-json\/wp\/v2\/media?parent=7064"}],"wp:term":[{"taxonomy":"category","embeddable":true,"href":"https:\/\/samhallsentreprenor.glokala.net\/she2\/wp-json\/wp\/v2\/categories?post=7064"},{"taxonomy":"post_tag","embeddable":true,"href":"https:\/\/samhallsentreprenor.glokala.net\/she2\/wp-json\/wp\/v2\/tags?post=7064"}],"curies":[{"name":"wp","href":"https:\/\/api.w.org\/{rel}","templated":true}]}}