{"id":7145,"date":"2019-09-16T07:49:51","date_gmt":"2019-09-16T05:49:51","guid":{"rendered":"https:\/\/samhallsentreprenor.glokala.net\/she2\/?p=7145"},"modified":"2019-09-18T10:34:39","modified_gmt":"2019-09-18T08:34:39","slug":"boklasning-under-hosten","status":"publish","type":"post","link":"https:\/\/samhallsentreprenor.glokala.net\/she2\/2019\/09\/boklasning-under-hosten\/","title":{"rendered":"Bokl\u00e4sning under h\u00f6sten"},"content":{"rendered":"<p><strong>Ett moment under h\u00f6sten \u00e4r att l\u00e4sa en bok eller ta del av n\u00e5got annat material som du \u00e4r nyfiken p\u00e5. Det kan handla om ett tema du vill unders\u00f6ka n\u00e4rmre eller l\u00e4ra dig mer om, direkt kopplat till det du jobbar med eller mer frist\u00e5ende.<\/strong><\/p>\n<p>Nedan ger vi f\u00f6rslag p\u00e5 litteratur som vi tror kan vara givande att f\u00f6rdjupa sig i. Men det \u00e4r ocks\u00e5 fritt fram att v\u00e4lja n\u00e5gon annan bok, eller material i annan form (artiklar, film, blogg&#8230;). Ett tips \u00e4r att v\u00e4lja ut delar att l\u00e4sa ur en bok \u2013 inte alla b\u00f6cker beh\u00f6ver ju l\u00e4sas fr\u00e5n p\u00e4rm till p\u00e4rm. Bolla g\u00e4rna tankar med andra kursdeltagare eller med Lone om du \u00e4r fundersam!<\/p>\n<blockquote><p><b>Tillg\u00e4nglighet<\/b><\/p>\n<p>Till varje bok finns l\u00e4nkar till Libris d\u00e4r du kan klicka dig vidare till ett bibliotek n\u00e4ra dig som har boken. Om boken finns som e-bok eller talbok finns \u00e4ven de l\u00e4nkarna tillg\u00e4ngliga. Vissa b\u00f6cker \u00e4r p\u00e5 svenska och andra p\u00e5 engelska.<\/p>\n<ul>\n<li><em>Vill du l\u00e4sa p\u00e5 ett annat spr\u00e5k, men hittar inte?<\/em> Kontakta Lone s\u00e5 kan vi unders\u00f6ka tillsammans om vad som finns tillg\u00e4ngligt.<\/li>\n<li><em>Har du sv\u00e5rt att ta in tryckt text, och undrar hur du ska g\u00e5 till v\u00e4ga?<\/em> Du har r\u00e4tt till hj\u00e4lp fr\u00e5n <em><a href=\"https:\/\/www.legimus.se\/\" target=\"_blank\" rel=\"noopener noreferrer\">Legimus<\/a><\/em>, myndigheten f\u00f6r tillg\u00e4ngliga medier. <a href=\"https:\/\/www.legimus.se\/default.aspx?id=100011\" target=\"_blank\" rel=\"noopener noreferrer\">H\u00e4r<\/a> \u00e4r deras sida om hur man anv\u00e4nder sig av deras tj\u00e4nster. Andra m\u00f6jligheter kan vara att se en film om samma tema, eller hitta annat material. Till vissa av b\u00f6ckerna finns filmade intervjuer, TED-talks eller dokument\u00e4rer. Kontakta Lone om du beh\u00f6ver hj\u00e4lp att hitta alternativa material!<\/li>\n<\/ul>\n<\/blockquote>\n<h5><span style=\"text-decoration: underline;\">Ramar f\u00f6r bokl\u00e4sningen under h\u00f6sten:<\/span><\/h5>\n<p>\u2192 <strong>Meddela ditt val<\/strong> av bok eller material med en kommentar till det h\u00e4r inl\u00e4gget (l\u00e4ngst ner p\u00e5 sidan), senast <strong>fredag 27 september<\/strong>.<\/p>\n<p><strong>\u2192 Skriftlig eller inspelad reflektion<\/strong>. Inl\u00e4mning<strong> s\u00f6ndag 17 november v. 46<\/strong>.<br \/>\n(Tr\u00e5d i kursforumet kommer n\u00e4r det b\u00f6rjar n\u00e4rma sig.)<br \/>\nSkriv eller spela in (ljud\/video) en reflektion kring boken\/materialet.<br \/>\nF\u00f6rslag till en struktur f\u00f6r reflektionen med dina tankar:<\/p>\n<ul>\n<li>Summera inneh\u00e5llet i korthet (vad handlar boken\/materialet om)<\/li>\n<li>Vilka nya perspektiv ger boken eller materialet?<\/li>\n<li>Hur relaterar boken eller materialet till det du utvecklar, finns det saker som du har praktisk anv\u00e4ndning av eller kan ta intryck av i ditt arbete?<\/li>\n<\/ul>\n<p><span style=\"text-decoration: underline;\">Inl\u00e4mning<\/span>: 17 november, i kursforumet.<br \/>\n<span style=\"text-decoration: underline;\">Omfattning:<\/span> I text ca 3 000 &#8211; 5 000 tecken (inkl mellanrum), eller 5-10 minuter i ljud\/video.<\/p>\n<p><strong>\u2192 Skriftliga kommentarer till varandra. <\/strong><span style=\"font-size: 1rem;\">Som uppf\u00f6ljning ger var och en skriftlig kommentarer till en av de andra reflektionerna. Ta del av presentationen av boken\/materialet och dela n\u00e5gra av dina tankar.<\/span><\/p>\n<p><strong>\u2192 Muntligt samtal. <\/strong>F\u00f6r att ta vara p\u00e5 m\u00f6jligheten att t\u00e4nka tillsammans uppmuntrar jag er att prata med varandra om b\u00f6ckerna \u00e4ven muntligt. Det kan m\u00f6jligg\u00f6ras genom onlinesamtal och\/eller p\u00e5 kurstr\u00e4ffen &#8212; eller s\u00e5 kan ni som bor n\u00e4ra varandra tr\u00e4ffas och prata. \u00c4r du intresserad av n\u00e5got av detta? Skriv med dina \u00f6nskem\u00e5l i kommentaren nedan, s\u00e5 f\u00f6rs\u00f6ker vi att styra upp det tillsammans!<\/p>\n<h2><strong>F\u00f6rslag p\u00e5 b\u00f6cker<\/strong><\/h2>\n<p><!--more--><\/p>\n<blockquote>\n<h4>Utopia f\u00f6r realister: Hur medborgarl\u00f6n, \u00f6ppna gr\u00e4nser och 15 timmars arbetsvecka kan bli verklighet.<\/h4>\n<\/blockquote>\n<p style=\"text-align: left;\">Rutger Bregman (2018)<img data-recalc-dims=\"1\" loading=\"lazy\" decoding=\"async\" class=\" wp-image-7146 alignright\" src=\"https:\/\/i0.wp.com\/samhallsentreprenor.glokala.net\/she2\/wp-content\/uploads\/2019\/09\/Ska%CC%88rmavbild-2019-09-12-kl.-11.28.47.png?resize=163%2C249&#038;ssl=1\" alt=\"\" width=\"163\" height=\"249\" \/><\/p>\n<p>&#8221;I en tid d\u00e5 m\u00e4nskligheten har st\u00f6rre resurser \u00e4n n\u00e5gonsin &#8211; hur kan det komma sig att s\u00e5 m\u00e5nga har gett upp hoppet om stora framsteg? Och n\u00e4r datorer kan \u00e5stadkomma i princip vad som helst, varf\u00f6r v\u00e5gar m\u00e4nniskor inte tro p\u00e5 sin f\u00f6rm\u00e5ga att \u00e5stadkomma n\u00e5gonting?<\/p>\n<p>Utopia f\u00f6r realister \u00e4r en r\u00e4ttfram och underh\u00e5llande pl\u00e4dering f\u00f6r att bryta vanmakten och g\u00f6ra utopierna till verklighet. Fr\u00e5n slaveriets avskaffande till demokratins genombrott \u00e4r historien full av milstolpar som l\u00e4nge betraktades som helt orealistiska. Idag \u00e4r de centrala delar av m\u00e4nsklighetens framstegshistoria.&#8221;<\/p>\n<p>L\u00e4nkar till boken:\u00a0 <a href=\"http:\/\/libris.kb.se\/bib\/21717498\" target=\"_blank\" rel=\"noopener noreferrer\">tryckt bok p\u00e5 Libris<\/a>, <a href=\"http:\/\/libris.kb.se\/bib\/21718667\" target=\"_blank\" rel=\"noopener noreferrer\">e-bok p\u00e5 Libris<\/a> &amp; <a href=\"http:\/\/libris.kb.se\/bib\/22691452\" target=\"_blank\" rel=\"noopener noreferrer\">talbok med text p\u00e5 Libris<\/a><\/p>\n<blockquote>\n<h4>Understanding Social Enterprise &#8211; Theory and Practice<\/h4>\n<\/blockquote>\n<p>Rory Ridley-Duff, Mike Bull (2015)<img data-recalc-dims=\"1\" loading=\"lazy\" decoding=\"async\" class=\"wp-image-4254 alignleft\" src=\"https:\/\/i0.wp.com\/samhallsentreprenor.glokala.net\/she2\/wp-content\/uploads\/2016\/02\/Understanding-social-enterprise-bok.jpeg?resize=176%2C219&#038;ssl=1\" alt=\"Understanding social enterprise bok\" width=\"176\" height=\"219\" \/><\/p>\n<p>&#8221;The emergence of social enterprises over the past 35 years has been an exciting and significant development in the economy at a local, national and international level. How should we understand the growing popularity of social enterprise and the wider social economy? Are alternative business models even more relevant in an uncertain business climate? Do they provide a robust response to periods of state &#8217;austerity&#8217;? How do social enterprises contribute to global initiatives to improve the sustainability and responsibility of the business community?&#8221;<br \/>\n(Andra upplagan. Vi har boken att l\u00e5na ut.)<\/p>\n<p>L\u00e4nkar till boken:\u00a0 <a href=\"http:\/\/libris.kb.se\/bib\/22163672\" target=\"_blank\" rel=\"noopener noreferrer\">tryckt bok p\u00e5 Libris<\/a>, <a href=\"http:\/\/libris.kb.se\/bib\/19289721\" target=\"_blank\" rel=\"noopener noreferrer\">e-bok p\u00e5 Libris<\/a> (e-bok \u00e4ldre utg\u00e5va)<\/p>\n<blockquote>\n<h4>Starta f\u00f6retag utan pengar<\/h4>\n<\/blockquote>\n<p>Fredrik Bergman, Tillv\u00e4xtverket (2015)<img data-recalc-dims=\"1\" loading=\"lazy\" decoding=\"async\" class=\" wp-image-7149 alignright\" src=\"https:\/\/i0.wp.com\/samhallsentreprenor.glokala.net\/she2\/wp-content\/uploads\/2019\/09\/Ska%CC%88rmavbild-2019-09-12-kl.-12.01.09.png?resize=148%2C211&#038;ssl=1\" alt=\"\" width=\"148\" height=\"211\" srcset=\"https:\/\/i0.wp.com\/samhallsentreprenor.glokala.net\/she2\/wp-content\/uploads\/2019\/09\/Ska%CC%88rmavbild-2019-09-12-kl.-12.01.09.png?resize=280%2C400&amp;ssl=1 280w, https:\/\/i0.wp.com\/samhallsentreprenor.glokala.net\/she2\/wp-content\/uploads\/2019\/09\/Ska%CC%88rmavbild-2019-09-12-kl.-12.01.09.png?w=300&amp;ssl=1 300w\" sizes=\"auto, (max-width: 148px) 100vw, 148px\" \/><\/p>\n<p>&#8221;Starta f\u00f6retag utan pengar \u00e4r en inspirationsbok f\u00f6r dem som har drivet att starta f\u00f6retag men har sm\u00e5 resurser, och f\u00f6r dem som kan st\u00f6dja nya entrepren\u00f6rer.<\/p>\n<p>Boken inneh\u00e5ller sp\u00e4nnande m\u00f6ten med sm\u00e5f\u00f6retagare med olika bakgrunder som har startat f\u00f6retag. Du hittar ocks\u00e5 tips och r\u00e5d om vad man ska t\u00e4nka p\u00e5 f\u00f6r att starta f\u00f6retag och vad som kan vara speciellt i vissa branscher.&#8221;<\/p>\n<p>L\u00e4nkar till boken: <a href=\"http:\/\/libris.kb.se\/bib\/5gcpl8t13nrfsbth\" target=\"_blank\" rel=\"noopener noreferrer\">tryckt bok p\u00e5 Libris<\/a>, <a href=\"http:\/\/libris.kb.se\/bib\/18592985\" target=\"_blank\" rel=\"noopener noreferrer\">e-bok p\u00e5 Libris<\/a>, <a href=\"https:\/\/tillvaxtverket.se\/download\/18.76e25c0c1551556fb105b95\/1465380350641\/info_0629_webb.pdf\" target=\"_blank\" rel=\"noopener noreferrer\">PDF p\u00e5 Tillv\u00e4xtverkets hemsida<\/a>.<br \/>\nDu kan \u00e4ven hitta boken p\u00e5 arabiska och persiska p\u00e5 <a href=\"http:\/\/libris.kb.se\/hitlist?d=libris&amp;q=starta+f%c3%b6retag+utan+pengar&amp;f=simp&amp;spell=true&amp;hist=true&amp;p=1\" target=\"_blank\" rel=\"noopener noreferrer\">Libris<\/a>.<\/p>\n<blockquote>\n<h4>Det h\u00e4r f\u00f6r\u00e4ndrar allt: kapitalismen kontra klimatet<\/h4>\n<\/blockquote>\n<p style=\"text-align: left;\">Naomi Klein (2015)<img data-recalc-dims=\"1\" loading=\"lazy\" decoding=\"async\" class=\" wp-image-7147 alignleft\" src=\"https:\/\/i0.wp.com\/samhallsentreprenor.glokala.net\/she2\/wp-content\/uploads\/2019\/09\/Ska%CC%88rmavbild-2019-09-12-kl.-11.37.22.png?resize=165%2C251&#038;ssl=1\" alt=\"\" width=\"165\" height=\"251\" \/><\/p>\n<p>&#8221;V\u00e4rlden g\u00e5r mot sin underg\u00e5ng och v\u00e4ldigt lite g\u00f6rs f\u00f6r att f\u00f6rs\u00f6ka undvika katastrofen. I Det h\u00e4r f\u00f6r\u00e4ndrar allt f\u00f6rs\u00f6ker Naomi Klein ta reda p\u00e5 varf\u00f6r. Och hon g\u00f6r det genom att beskriva v\u00e4rlden precis som den \u00e4r just nu: vilka \u00e4r det som best\u00e4mmer, vad best\u00e4mmer de och vad \u00e4r de ute efter.<\/p>\n<p>Den mest avg\u00f6rande insikten f\u00f6r b\u00e5de Klein och oss l\u00e4sare \u00e4r m\u00f6tet med Stilla Havs-republiken Nauru. Det lilla \u00f6rikets landmassa bestod i huvudsak av fosfor som de s\u00e5lde dyrt till konstg\u00f6dselindustrin. Det var deras guld, deras lycka fram till slutet av 90-talet d\u00e5 knappt n\u00e5got fanns kvar av \u00f6riket, medan havsvattenniv\u00e5n steg orov\u00e4ckande snabbt. N\u00e4r \u00f6riket var som rikast, stod befolkningen p\u00e5 kanten till det stora gruvh\u00e5let. Naurus \u00f6de kan liknas vid en skeppsbruten som s\u00e4ljer sin flytv\u00e4st till h\u00f6gstbjudande.<\/p>\n<p>Och det g\u00e4ller inte bara Nauru. Vi g\u00f6r samma sak \u00f6ver hela klotet. De rika blir rikare, hjulen snurrar snabbare men jorden t\u00f6ms, blir ett skal av halvd\u00f6d industriskog, stora \u00f6knar och d\u00f6da jordar. Detta f\u00e5ngas i Det h\u00e4r f\u00f6r\u00e4ndrar allt med ob\u00f6nh\u00f6rlig precision.<\/p>\n<p>Men det vore inte Naomi Klein om hon inte ocks\u00e5 lyckades inge l\u00e4saren hopp. Det \u00e4r en bok som s\u00e4ger att den h\u00e4r skr\u00e4ckber\u00e4ttelsen kan f\u00e5 ett lyckligt slut &#8212; det best\u00e4mmer vi.&#8221;<\/p>\n<p>L\u00e4nkar till boken:\u00a0 <a href=\"http:\/\/libris.kb.se\/bib\/17854759\" target=\"_blank\" rel=\"noopener noreferrer\">tryckt bok p\u00e5 Libris<\/a>, <a href=\"http:\/\/libris.kb.se\/bib\/18554735\" target=\"_blank\" rel=\"noopener noreferrer\">e-bok p\u00e5 Libris<\/a> &amp; <a href=\"http:\/\/libris.kb.se\/bib\/19373514\" target=\"_blank\" rel=\"noopener noreferrer\">talbok med text p\u00e5 Libris<\/a><\/p>\n<blockquote>\n<h4>Getting beyond better: how social entrepreneurship works<\/h4>\n<\/blockquote>\n<p>Roger L. Martin &amp; Sally R. Osberg (2015)<\/p>\n<p><img data-recalc-dims=\"1\" loading=\"lazy\" decoding=\"async\" class=\"alignleft wp-image-6213\" src=\"https:\/\/i0.wp.com\/samhallsentreprenor.glokala.net\/she2\/wp-content\/uploads\/2018\/08\/Ska%CC%88rmavbild-2018-08-29-kl.-11.57.07.png?resize=136%2C203&#038;ssl=1\" alt=\"\" width=\"136\" height=\"203\" \/><\/p>\n<p>&#8221;Who drives transformation in society? How do they do it? In this compelling book, strategy guru Roger L. Martin and Skoll Foundation President and CEO Sally R. Osberg describe how social entrepreneurs target systems that exist in a stable but unjust equilibrium and transform them into entirely new, superior, and sustainable equilibria.<\/p>\n<p>&#8217;Getting Beyond Better&#8217; sets forth a bold new framework, demonstrating how and why meaningful change actually happens in the world and providing concrete lessons and a practical model for businesses, policymakers, civil society organizations, and individuals who seek to transform our world for good.&#8221; L\u00e4s en <a href=\"https:\/\/ssir.org\/book_reviews\/entry\/change_gets_a_roadmap\" target=\"_blank\" rel=\"noopener noreferrer\">recension<\/a> om boken.<\/p>\n<p>L\u00e4nkar till boken:\u00a0 <a href=\"http:\/\/libris.kb.se\/bib\/18636400\" target=\"_blank\" rel=\"noopener noreferrer\">tryckt bok p\u00e5 Libris<\/a>, <a href=\"http:\/\/libris.kb.se\/bib\/22678992\" target=\"_blank\" rel=\"noopener noreferrer\">e-bok p\u00e5 Libris<\/a>.<\/p>\n<div>\n<blockquote>\n<h4>Id\u00e9buren innovation: nyskapande l\u00f6sningar p\u00e5 organisatoriska och samh\u00e4lleliga behov<\/h4>\n<\/blockquote>\n<p>Malin Lindberg &amp; Cecilia Nahnfeldt (2017)<\/p>\n<p><img data-recalc-dims=\"1\" loading=\"lazy\" decoding=\"async\" class=\" wp-image-6218 alignright\" src=\"https:\/\/i0.wp.com\/samhallsentreprenor.glokala.net\/she2\/wp-content\/uploads\/2018\/08\/ideburen_innovation.jpg?resize=122%2C172&#038;ssl=1\" alt=\"\" width=\"122\" height=\"172\" \/>&#8221;Under historiens g\u00e5ng har id\u00e9burna organisationer st\u00e4ndigt utvecklat nya l\u00f6sningar p\u00e5 organisatoriska och samh\u00e4lleliga behov, vilka i m\u00e5nga fall kommit att permanenteras som en del i samh\u00e4llets ordinarie utbud av varor, tj\u00e4nster och verksamheter. Samtidigt omn\u00e4mns detta s\u00e4llan i termer av innovation eftersom begreppet fr\u00e4mst f\u00f6rknippats med teknisk utveckling, privata f\u00f6retag och enskilda uppfinnare.&#8221;<\/p>\n<p>F\u00f6rfattarna &#8221;vill att boken ska ge id\u00e9burna organisationer nya perspektiv p\u00e5 sitt egna utvecklingsarbete och inspirera till \u00f6kad f\u00f6rm\u00e5ga att f\u00f6rverkliga nyskapande l\u00f6sningar p\u00e5 interna och externa utvecklingsbehov.&#8221;<\/p>\n<p><a href=\"http:\/\/libris.kb.se\/bib\/21632917\" target=\"_blank\" rel=\"noopener noreferrer\">L\u00e4nk till tryckt bok p\u00e5 Libris<\/a><\/p>\n<\/div>\n<div>\n<blockquote>\n<h4>Donutekonomi: sju principer f\u00f6r en framtida ekonomi<\/h4>\n<\/blockquote>\n<p>Kate Raworth (2018)<\/p>\n<p><img data-recalc-dims=\"1\" loading=\"lazy\" decoding=\"async\" class=\"alignleft wp-image-6219\" src=\"https:\/\/i0.wp.com\/samhallsentreprenor.glokala.net\/she2\/wp-content\/uploads\/2018\/08\/donut_economy.jpg?resize=155%2C238&#038;ssl=1\" alt=\"\" width=\"155\" height=\"238\" srcset=\"https:\/\/i0.wp.com\/samhallsentreprenor.glokala.net\/she2\/wp-content\/uploads\/2018\/08\/donut_economy.jpg?resize=260%2C400&amp;ssl=1 260w, https:\/\/i0.wp.com\/samhallsentreprenor.glokala.net\/she2\/wp-content\/uploads\/2018\/08\/donut_economy.jpg?resize=768%2C1180&amp;ssl=1 768w, https:\/\/i0.wp.com\/samhallsentreprenor.glokala.net\/she2\/wp-content\/uploads\/2018\/08\/donut_economy.jpg?resize=666%2C1024&amp;ssl=1 666w, https:\/\/i0.wp.com\/samhallsentreprenor.glokala.net\/she2\/wp-content\/uploads\/2018\/08\/donut_economy.jpg?resize=624%2C959&amp;ssl=1 624w, https:\/\/i0.wp.com\/samhallsentreprenor.glokala.net\/she2\/wp-content\/uploads\/2018\/08\/donut_economy.jpg?w=1653&amp;ssl=1 1653w\" sizes=\"auto, (max-width: 155px) 100vw, 155px\" \/>&#8221;F\u00f6r att klara de gigantiska globala utmaningar vi st\u00e5r inf\u00f6r under det h\u00e4r \u00e5rhundradet n\u00e4r det g\u00e4ller klimatet, milj\u00f6n och resurserna m\u00e5ste vi f\u00f6r\u00e4ndra v\u00e5rt s\u00e4tt att t\u00e4nka p\u00e5 det ekonomiska omr\u00e5det. Politiska f\u00f6r\u00e4ndringar, teknologisk utveckling och \u00f6kad ekologisk medvetenhet kr\u00e4vs f\u00f6rst\u00e5s ocks\u00e5. Men ekonomin har en fullst\u00e4ndigt avg\u00f6rande betydelse i sammanhanget. Uppfattningen att tillv\u00e4xt och \u00e4nnu mer tillv\u00e4xt \u00e4r l\u00f6sningen p\u00e5 alla problem riskerar att blockera all verklig f\u00f6r\u00e4ndring.<\/p>\n<p>I den h\u00e4r boken presenterar ekonomen Kate Raworth \u2013 med m\u00e5nga \u00e5r inom FN och Oxfam bakom sig \u2013 sju v\u00e4gar till ett nytt ekonomiskt t\u00e4nkande med m\u00e4nsklighetens grundl\u00e4ggande livsvillkor i fokus.&#8221;<\/p>\n<p>L\u00e4nkar till boken: <a href=\"http:\/\/libris.kb.se\/bib\/22487710\" target=\"_blank\" rel=\"noopener noreferrer\">tryckt bok p\u00e5 Libris<\/a>, <a href=\"http:\/\/libris.kb.se\/bib\/v5wdk9wrs7xwntzg?tab2=subj\" target=\"_blank\" rel=\"noopener noreferrer\">inl\u00e4st bok p\u00e5 Libris<\/a><\/p>\n<\/div>\n<blockquote>\n<h4>Det enda som r\u00e4knas \u2013 socialt entrepren\u00f6rskap p\u00e5 riktigt<\/h4>\n<\/blockquote>\n<p><img data-recalc-dims=\"1\" loading=\"lazy\" decoding=\"async\" class=\"alignleft\" src=\"https:\/\/i0.wp.com\/samhallsentreprenor.glokala.net\/she2\/wp-content\/uploads\/2013\/01\/154422_479883628721442_16195056_n.jpg?resize=163%2C199&#038;ssl=1\" alt=\"\" width=\"163\" height=\"199\" \/> Bj\u00f6rn S\u00f6derberg (2012)<\/p>\n<p>Fr\u00e5n <a href=\"http:\/\/socialinnovation.se\/sv\/bokguide-det-enda-som-raknas-socialt-entreprenorskap-pa-riktigt\/\" target=\"_blank\" rel=\"nofollow noopener noreferrer\">socialinnovation.se<\/a>: \u201dS\u00f6derberg \u00e4r transparent med sina misslyckanden \u2013 vilket \u00e4r en frisk fl\u00e4kt i f\u00f6retags-v\u00e4rlden \u2013 och hur dessa lett honom till \u00e4nnu b\u00e4ttre l\u00f6sningar och f\u00f6retag. I till\u00e4gg f\u00e5r l\u00e4saren konkreta exempel p\u00e5 hur personalens sociala engagemang uppmuntras (som ringar p\u00e5 vattnet av S\u00f6derbergs egna engagemang), h\u00e5llbart ledarskap, att samarbeta med m\u00e5lgruppen ist\u00e4llet f\u00f6r \u201djag-ska-r\u00e4dda-de-fattiga-inst\u00e4llningen\u201d samt goda exempel p\u00e5 kreativa l\u00f6sningar f\u00f6r ett v\u00e4lk\u00e4nt problem \u2013 n\u00e4mligen mutor.\u201d<\/p>\n<p>L\u00e4nkar\u00a0 till boken: <a href=\"http:\/\/libris.kb.se\/bib\/13535190\" target=\"_blank\" rel=\"nofollow noopener noreferrer\">tryckt bok p\u00e5 Libris<\/a>, <a href=\"http:\/\/libris.kb.se\/bib\/17585911\" target=\"_blank\" rel=\"noopener noreferrer\">talbok p\u00e5 Libris<\/a><\/p>\n<blockquote>\n<h4>Towards Collective Liberation &#8211;\u00a0Anti-Racist Organizing, Feminist Praxis, and Movement Building Strategy<\/h4>\n<\/blockquote>\n<p><img data-recalc-dims=\"1\" loading=\"lazy\" decoding=\"async\" class=\"alignright wp-image-4255\" src=\"https:\/\/i0.wp.com\/samhallsentreprenor.glokala.net\/she2\/wp-content\/uploads\/2016\/02\/ChrisCrassBok.jpeg?resize=148%2C223&#038;ssl=1\" alt=\"Towards Collective Liberation\" width=\"148\" height=\"223\" \/>Chris Crass (2013)<\/p>\n<p>Chris Crass is a longtime organizer working to build powerful working class-based, feminist, multiracial movements for collective liberation. The book &#8221;Towards Collective Liberation is for activists engaging with dynamic questions of how to create and support effective movements for visionary systemic change, namely those who wish to ensure that all movements are both feminist and anti-racist in nature. Drawing on two decades of personal activist experience and case studies of anti-racist social justice organisations, Crass insightfully explores ways of transforming divisions of race, class and gender into catalysts for powerful vision, strategy and movement building in the world today.&#8221;<\/p>\n<p>L\u00e4nkar till boken: <a href=\"http:\/\/libris.kb.se\/bib\/13618026\" target=\"_blank\" rel=\"noopener noreferrer\">tryckt bok p\u00e5 Libris<\/a>,\u00a0 <a href=\"http:\/\/libris.kb.se\/bib\/18168017\" target=\"_blank\" rel=\"noopener noreferrer\">e-bok p\u00e5 Libris<\/a><\/p>\n<blockquote>\n<h4>Social entrepreneurship : cases and concepts<\/h4>\n<\/blockquote>\n<p><img data-recalc-dims=\"1\" loading=\"lazy\" decoding=\"async\" class=\"alignleft wp-image-6275\" src=\"https:\/\/i0.wp.com\/samhallsentreprenor.glokala.net\/she2\/wp-content\/uploads\/2018\/08\/bok-barinaga.jpeg?resize=207%2C298&#038;ssl=1\" alt=\"\" width=\"207\" height=\"298\" \/>Ester Barinaga (2014)<\/p>\n<p>\u201dWhen is the right time to start up a social venture? How should it price its first services? What constituencies should be considered when shaping the board? What collaborations should the venture establish? When is it time to expand? And to close down? How can long-term economic sustainability be achieved? Which scaling-up strategy is most appropriate? How can social impact be assessed? These are a few of the questions that social entrepreneurs have to answer when aiming for social change.<\/p>\n<p>Social Entrepreneurship \u2013 Cases and Concepts challenges social entrepreneurs, non-profit managers, social workers, community organisers, activists, and artists to think carefully and critically about the social issues addressed through their work. It balances the pragmatism of the entrepreneur with the social pathos of the sociologist.\u201d<\/p>\n<p><a href=\"http:\/\/libris.kb.se\/bib\/17081261\" target=\"_blank\" rel=\"noopener noreferrer\">L\u00e4nk till tryckt bok p\u00e5 Libris<\/a><\/p>\n<div>\n<blockquote>\n<h4>V\u00e4gar till innanf\u00f6rskap: ber\u00e4ttelser om att inkludera, om ledarskap, mod och en vilja att f\u00f6r\u00e4ndra samh\u00e4llet<\/h4>\n<\/blockquote>\n<p>Ulrika Sedell &amp; Eva von Wernstedt (2017)<\/p>\n<p><img data-recalc-dims=\"1\" loading=\"lazy\" decoding=\"async\" class=\"alignleft wp-image-6220\" src=\"https:\/\/i0.wp.com\/samhallsentreprenor.glokala.net\/she2\/wp-content\/uploads\/2018\/08\/vagar_till_innanforskap.jpg?resize=192%2C222&#038;ssl=1\" alt=\"\" width=\"192\" height=\"222\" srcset=\"https:\/\/i0.wp.com\/samhallsentreprenor.glokala.net\/she2\/wp-content\/uploads\/2018\/08\/vagar_till_innanforskap.jpg?resize=346%2C400&amp;ssl=1 346w, https:\/\/i0.wp.com\/samhallsentreprenor.glokala.net\/she2\/wp-content\/uploads\/2018\/08\/vagar_till_innanforskap.jpg?w=400&amp;ssl=1 400w\" sizes=\"auto, (max-width: 192px) 100vw, 192px\" \/>&#8221;I <em>V\u00e4gar till innanf\u00f6rskap<\/em> samlas ber\u00e4ttelser om ledarskap som \u00e4r vision\u00e4rt och medm\u00e4nskligt, som pr\u00e4glas av handlingskraft och mod. F\u00f6rfattarna har m\u00f6tt 15 personer som utifr\u00e5n engagemang, ledarskap och en vilja att skapa ett inkluderande samh\u00e4lle utvecklat modeller f\u00f6r integration, genom att till exempel skapa arenor f\u00f6r m\u00e4nniskor att m\u00f6tas, \u00f6ppna HVB-hem, m\u00f6ta asyls\u00f6kande p\u00e5 centralstationen eller att omstrukturera en kommuns arbete med integration.<\/p>\n<p>I samtalen med vision\u00e4ra och modiga ledare har f\u00f6rfattarna hittat fem framg\u00e5ngsfaktorer som kan vara nyckeln f\u00f6r fler att lyckas. Boken och dess inspirerande ber\u00e4ttelser kan vara ett viktigt motmedel mot den hoppl\u00f6shet som m\u00e5nga marineras i.&#8221;<\/p>\n<p><a href=\"http:\/\/libris.kb.se\/bib\/20171610\" target=\"_blank\" rel=\"noopener noreferrer\">L\u00e4nk till tryckt bok p\u00e5 Libris<\/a><\/p>\n<blockquote>\n<h4>People Centered Social Innovation &#8212; Global Perspectives on an Emerging Paradigm<\/h4>\n<\/blockquote>\n<p><img data-recalc-dims=\"1\" loading=\"lazy\" decoding=\"async\" class=\"wp-image-7190 alignright\" src=\"https:\/\/i0.wp.com\/samhallsentreprenor.glokala.net\/she2\/wp-content\/uploads\/2019\/09\/people-centered.jpg?resize=192%2C293&#038;ssl=1\" alt=\"\" width=\"192\" height=\"293\" srcset=\"https:\/\/i0.wp.com\/samhallsentreprenor.glokala.net\/she2\/wp-content\/uploads\/2019\/09\/people-centered.jpg?resize=262%2C400&amp;ssl=1 262w, https:\/\/i0.wp.com\/samhallsentreprenor.glokala.net\/she2\/wp-content\/uploads\/2019\/09\/people-centered.jpg?w=278&amp;ssl=1 278w\" sizes=\"auto, (max-width: 192px) 100vw, 192px\" \/>Swati Banerjee, Stephen Carney och Lars Hulgard (2020)<\/p>\n<p>En bok med globala perspektiv, skriven av forskare fr\u00e5n olika delar av v\u00e4rlden. Bland annat med en djupdykning i vad postkoloniala ansatser kan vara inom social innovation. Kan upplevas som r\u00e4tt akademisk i sin ansats, med mer av teoretiska analyser \u00e4n av engagerande argumentation och anekdoter.<\/p>\n<p>&#8221;People Centered Social Innovation: Global perspectives on an Emerging Paradigm attempts to revisit and extend the existing understanding of Social Innovation in practice by focusing upon the lived realities of marginalized groups and communities. The emerging field of people-centered development is placed in dialogue with theory and concepts from the more established field of social innovation to create a new approach; one that adopts a global perspective, engaging with very different experiences of marginality across the global north and south. Theoretically, &#8217;People Centered Social Innovation: Global Perspectives on an Emerging Paradigm&#8217; draws upon &#8217;northern&#8217; understandings of change and improvement as well as &#8217;southern&#8217; theory concerns for epistemological diversity and meaning making. The result is an experiment aimed at reimagining research and practice that seriously needs to center the actor in processes of social transformation.<\/p>\n<p><a href=\"http:\/\/libris.kb.se\/bib\/s3d6w6txq24s45p0\" target=\"_blank\" rel=\"noopener noreferrer\">L\u00e4nk till tryckt bok p\u00e5 Libris<\/a><\/p>\n<blockquote>\n<h4 id=\"title\" class=\"a-size-large a-spacing-none\"><span id=\"productTitle\" class=\"a-size-large\">From the Other Side of the World: Extraordinary Entrepreneurs, Unlikely Places<\/span><\/h4>\n<\/blockquote>\n<p><img data-recalc-dims=\"1\" loading=\"lazy\" decoding=\"async\" class=\"wp-image-7191 alignleft\" src=\"https:\/\/i0.wp.com\/samhallsentreprenor.glokala.net\/she2\/wp-content\/uploads\/2019\/09\/image002.jpg?resize=170%2C254&#038;ssl=1\" alt=\"\" width=\"170\" height=\"254\" srcset=\"https:\/\/i0.wp.com\/samhallsentreprenor.glokala.net\/she2\/wp-content\/uploads\/2019\/09\/image002.jpg?resize=268%2C400&amp;ssl=1 268w, https:\/\/i0.wp.com\/samhallsentreprenor.glokala.net\/she2\/wp-content\/uploads\/2019\/09\/image002.jpg?w=334&amp;ssl=1 334w\" sizes=\"auto, (max-width: 170px) 100vw, 170px\" \/>Elmira Bayrasli (2015)<\/p>\n<p>&#8221;<strong>Why the next Steve Jobs is just as likely to come from Lagos, Acapulco, Lahore, or Mumbai as from Silicon Valley.<\/strong><\/p>\n<p>Elmira Bayrasli&#8217;s colorful narrative brings readers inside the world of high-growth entrepreneurs as they overcome vexing obstacles to build businesses that create jobs and economic growth and\u2014perhaps most important\u2014shift mindsets. Here are the people who personify the transformative force of entrepreneurship from parts of the world that will be the source of the overwhelming amount of economic growth over the next twenty-five years.&#8221;<\/p>\n<p><a href=\"http:\/\/libris.kb.se\/bib\/20812886\" target=\"_blank\" rel=\"noopener noreferrer\">L\u00e4nk till e-bok p\u00e5 Libris<\/a><\/p>\n<\/div>\n","protected":false},"excerpt":{"rendered":"<p>Ett moment under h\u00f6sten \u00e4r att l\u00e4sa en bok eller ta del av n\u00e5got annat material som du \u00e4r nyfiken p\u00e5. Det kan handla om ett tema du vill unders\u00f6ka n\u00e4rmre eller l\u00e4ra dig mer om, direkt kopplat till det du jobbar med eller mer frist\u00e5ende. Nedan ger vi f\u00f6rslag p\u00e5 litteratur som vi tror [&hellip;]<\/p>\n","protected":false},"author":1001062,"featured_media":0,"comment_status":"open","ping_status":"open","sticky":false,"template":"","format":"standard","meta":{"_bbp_topic_count":0,"_bbp_reply_count":0,"_bbp_total_topic_count":0,"_bbp_total_reply_count":0,"_bbp_voice_count":0,"_bbp_anonymous_reply_count":0,"_bbp_topic_count_hidden":0,"_bbp_reply_count_hidden":0,"_bbp_forum_subforum_count":0,"_jetpack_memberships_contains_paid_content":false,"footnotes":""},"categories":[125],"tags":[],"class_list":["post-7145","post","type-post","status-publish","format-standard","hentry","category-litteratur"],"jetpack_featured_media_url":"","jetpack_sharing_enabled":true,"_links":{"self":[{"href":"https:\/\/samhallsentreprenor.glokala.net\/she2\/wp-json\/wp\/v2\/posts\/7145","targetHints":{"allow":["GET"]}}],"collection":[{"href":"https:\/\/samhallsentreprenor.glokala.net\/she2\/wp-json\/wp\/v2\/posts"}],"about":[{"href":"https:\/\/samhallsentreprenor.glokala.net\/she2\/wp-json\/wp\/v2\/types\/post"}],"author":[{"embeddable":true,"href":"https:\/\/samhallsentreprenor.glokala.net\/she2\/wp-json\/wp\/v2\/users\/1001062"}],"replies":[{"embeddable":true,"href":"https:\/\/samhallsentreprenor.glokala.net\/she2\/wp-json\/wp\/v2\/comments?post=7145"}],"version-history":[{"count":12,"href":"https:\/\/samhallsentreprenor.glokala.net\/she2\/wp-json\/wp\/v2\/posts\/7145\/revisions"}],"predecessor-version":[{"id":7202,"href":"https:\/\/samhallsentreprenor.glokala.net\/she2\/wp-json\/wp\/v2\/posts\/7145\/revisions\/7202"}],"wp:attachment":[{"href":"https:\/\/samhallsentreprenor.glokala.net\/she2\/wp-json\/wp\/v2\/media?parent=7145"}],"wp:term":[{"taxonomy":"category","embeddable":true,"href":"https:\/\/samhallsentreprenor.glokala.net\/she2\/wp-json\/wp\/v2\/categories?post=7145"},{"taxonomy":"post_tag","embeddable":true,"href":"https:\/\/samhallsentreprenor.glokala.net\/she2\/wp-json\/wp\/v2\/tags?post=7145"}],"curies":[{"name":"wp","href":"https:\/\/api.w.org\/{rel}","templated":true}]}}