{"id":7823,"date":"2020-04-13T15:42:23","date_gmt":"2020-04-13T13:42:23","guid":{"rendered":"https:\/\/samhallsentreprenor.glokala.net\/she2\/?p=7823"},"modified":"2020-04-13T15:51:03","modified_gmt":"2020-04-13T13:51:03","slug":"att-involvera-och-motivera-ideella","status":"publish","type":"post","link":"https:\/\/samhallsentreprenor.glokala.net\/she2\/2020\/04\/att-involvera-och-motivera-ideella\/","title":{"rendered":"Att involvera och motivera ideella!"},"content":{"rendered":"<p><em><span style=\"font-weight: 400;\">F\u00f6r en samh\u00e4llsentrepren\u00f6r \u00e4r fr\u00e5gan om hur andra kan involveras ofta central. Andras engagemang \u00e4r viktigt, kanske avg\u00f6rande, f\u00f6r att den verksamhet vi driver ska bli m\u00f6jlig. Hur kan vi g\u00f6ra f\u00f6r involvera och motivera andra att engagera sig n\u00e4r de ekonomiska resurserna \u00e4r knappa? Vad finns det f\u00f6r fallgropar n\u00e4r det kommer till att jobba med ideella krafter? Och vad finns det f\u00f6r v\u00e4gar runt dem?\u00a0<\/span><\/em><\/p>\n<h2><span style=\"font-weight: 400;\">L\u00c4S artikel: Hur en f\u00e5r fler att vilja vara med<\/span><\/h2>\n<p><span style=\"font-weight: 400;\">Aron Schoug \u00e4r doktorand i pedagogik med intresse f\u00f6r civilsamh\u00e4lle, ideellt arbete, demokrati och gruppkommunikation. I en artikel i tidskriften <\/span><a href=\"https:\/\/idealistas.se\/kurage\/om-tidskriften\/\" target=\"_blank\" rel=\"noopener noreferrer\"><span style=\"font-weight: 400;\">Kurage<\/span><\/a><span style=\"font-weight: 400;\"> skriver han om hur styrelsen i en ideell f\u00f6rening kan jobba f\u00f6r att beh\u00e5lla engagemanget i f\u00f6reningen. Resonemanget g\u00e5r s\u00e5klart att k\u00e4nna igen och inspireras av \u00e4ven f\u00f6r andra former av ideellt arbete &#8211; tex engagemanget i en social eller samh\u00e4llsentrepren\u00f6riell verksamhet.\u00a0<\/span><\/p>\n<blockquote>\n<p style=\"text-align: center;\"><span style=\"font-weight: 400;\">\u00a0\u201c<\/span><span style=\"font-weight: 400;\">Medlemmarnas engagemang \u00e4r en f\u00f6renings viktigaste resurs. F\u00f6rvalta den v\u00e4l f\u00f6r den \u00e4r inte outt\u00f6mlig.\u201d<\/span><\/p>\n<p><span style=\"font-weight: 400;\">L\u00e4s mer om hur du kan g\u00f6ra f\u00f6r att f\u00f6rvalta denna v\u00e4rdefulla resurs. <a href=\"https:\/\/idealistas.se\/kurage\/2018\/06\/25\/hur-en-far-fler-att-vilja-vara-med\/\" target=\"_blank\" rel=\"noopener noreferrer\">Till artikeln &#8211;&gt;\u00a0<\/a><\/span><\/p><\/blockquote>\n<p>En kort intervju med artikelf\u00f6rfattaren,<span style=\"font-weight: 400;\">\u00a0om ledarskap och ideellt engagemang:<\/span><br \/>\n<iframe loading=\"lazy\" src=\"https:\/\/www.youtube.com\/embed\/FbBwNYrE0CM\" width=\"560\" height=\"315\" frameborder=\"0\" allowfullscreen=\"allowfullscreen\"><\/iframe><\/p>\n<blockquote>\n<h2><span style=\"font-weight: 400;\"><br \/>\nDISKUTERA: i forumet<\/span><\/h2>\n<ul>\n<li><span style=\"font-weight: 400;\">Vad har du f\u00f6r erfarenhet av att involvera och motivera ideella? Vad funkar bra? Vad funkar d\u00e5ligt?<\/span><\/li>\n<li><span style=\"font-size: 1rem;\">Artikeln n\u00e4mner tre behov som \u00e4r grundl\u00e4ggande f\u00f6r att m\u00e4nniskor ska kunna k\u00e4nna sig motiverade: kompetens, sj\u00e4lvst\u00e4ndighet och samh\u00f6righet. Vad kan vi som ledare eller medarbetare g\u00f6ra f\u00f6r att dessa behov ska kunna m\u00f6tas i en ideell verksamhet?<\/span><\/li>\n<li><span style=\"font-weight: 400;\">F\u00e5r du n\u00e5gon insikt eller inspiration kopplat till den verksamheten du driver eller engagerar dig i?\u00a0<\/span><\/li>\n<\/ul>\n<p><strong><a href=\"https:\/\/samhallsentreprenor.glokala.net\/she2\/groups\/kursforum-2019-2020\/forum\/topic\/diskussion-motivera-och-involvera-ideella\/#post-7829\" target=\"_blank\" rel=\"noopener noreferrer\">l\u00e4nk till forumet \u2192\u00a0<\/a><\/strong><\/p><\/blockquote>\n<h2><span style=\"font-weight: 400;\"><br \/>\nF\u00d6RDJUPNING: Bok<\/span><span style=\"font-weight: 400;\">\u00a0&#8211; Motivera Ideella<\/span><\/h2>\n<p><span style=\"font-weight: 400;\">Aron Schoug har skrivit boken <\/span><a href=\"https:\/\/idealistas.se\/bocker\/motivera-ideella\/\" target=\"_blank\" rel=\"noopener noreferrer\"><span style=\"font-weight: 400;\">Motivera Ideella &#8211; om ledarskap, m\u00e4nniskors behov och drivkrafter<\/span><\/a><span style=\"font-weight: 400;\">.\u00a0<\/span><\/p>\n<p><img data-recalc-dims=\"1\" loading=\"lazy\" decoding=\"async\" class=\"size-medium wp-image-7824 aligncenter\" src=\"https:\/\/i0.wp.com\/samhallsentreprenor.glokala.net\/she2\/wp-content\/uploads\/2020\/04\/motiveraideella.png?resize=400%2C257&#038;ssl=1\" alt=\"\" width=\"400\" height=\"257\" srcset=\"https:\/\/i0.wp.com\/samhallsentreprenor.glokala.net\/she2\/wp-content\/uploads\/2020\/04\/motiveraideella.png?resize=400%2C257&amp;ssl=1 400w, https:\/\/i0.wp.com\/samhallsentreprenor.glokala.net\/she2\/wp-content\/uploads\/2020\/04\/motiveraideella.png?resize=768%2C492&amp;ssl=1 768w, https:\/\/i0.wp.com\/samhallsentreprenor.glokala.net\/she2\/wp-content\/uploads\/2020\/04\/motiveraideella.png?resize=624%2C400&amp;ssl=1 624w, https:\/\/i0.wp.com\/samhallsentreprenor.glokala.net\/she2\/wp-content\/uploads\/2020\/04\/motiveraideella.png?w=800&amp;ssl=1 800w\" sizes=\"auto, (max-width: 400px) 100vw, 400px\" \/><\/p>\n<h2><span style=\"font-weight: 400;\">F\u00d6RDJUPNING: F\u00f6rel\u00e4sning<\/span><\/h2>\n<p>Titta p\u00e5 en timmas frukostseminarium med Vuxenskolan d\u00e4r Aron Schoug pratar om motivation i relation till ideellt arbete. Hur motiverar vi andra utan morot och piska (tex hot om avskedning och l\u00f6n)? Vad kan vi g\u00f6ra f\u00f6r att p\u00e5verka andra m\u00e4nniskors inre motivation?<\/p>\n<p><iframe loading=\"lazy\" src=\"https:\/\/www.youtube.com\/embed\/-xt7smDvFOU\" width=\"560\" height=\"315\" frameborder=\"0\" allowfullscreen=\"allowfullscreen\"><\/iframe><\/p>\n","protected":false},"excerpt":{"rendered":"<p>F\u00f6r en samh\u00e4llsentrepren\u00f6r \u00e4r fr\u00e5gan om hur andra kan involveras ofta central. Andras engagemang \u00e4r viktigt, kanske avg\u00f6rande, f\u00f6r att den verksamhet vi driver ska bli m\u00f6jlig. Hur kan vi g\u00f6ra f\u00f6r involvera och motivera andra att engagera sig n\u00e4r de ekonomiska resurserna \u00e4r knappa? Vad finns det f\u00f6r fallgropar n\u00e4r det kommer till att [&hellip;]<\/p>\n","protected":false},"author":1001020,"featured_media":0,"comment_status":"open","ping_status":"open","sticky":false,"template":"","format":"standard","meta":{"_bbp_topic_count":0,"_bbp_reply_count":0,"_bbp_total_topic_count":0,"_bbp_total_reply_count":0,"_bbp_voice_count":0,"_bbp_anonymous_reply_count":0,"_bbp_topic_count_hidden":0,"_bbp_reply_count_hidden":0,"_bbp_forum_subforum_count":0,"_jetpack_memberships_contains_paid_content":false,"footnotes":""},"categories":[141],"tags":[],"class_list":["post-7823","post","type-post","status-publish","format-standard","hentry","category-kursmoment"],"jetpack_featured_media_url":"","jetpack_sharing_enabled":true,"_links":{"self":[{"href":"https:\/\/samhallsentreprenor.glokala.net\/she2\/wp-json\/wp\/v2\/posts\/7823","targetHints":{"allow":["GET"]}}],"collection":[{"href":"https:\/\/samhallsentreprenor.glokala.net\/she2\/wp-json\/wp\/v2\/posts"}],"about":[{"href":"https:\/\/samhallsentreprenor.glokala.net\/she2\/wp-json\/wp\/v2\/types\/post"}],"author":[{"embeddable":true,"href":"https:\/\/samhallsentreprenor.glokala.net\/she2\/wp-json\/wp\/v2\/users\/1001020"}],"replies":[{"embeddable":true,"href":"https:\/\/samhallsentreprenor.glokala.net\/she2\/wp-json\/wp\/v2\/comments?post=7823"}],"version-history":[{"count":3,"href":"https:\/\/samhallsentreprenor.glokala.net\/she2\/wp-json\/wp\/v2\/posts\/7823\/revisions"}],"predecessor-version":[{"id":7835,"href":"https:\/\/samhallsentreprenor.glokala.net\/she2\/wp-json\/wp\/v2\/posts\/7823\/revisions\/7835"}],"wp:attachment":[{"href":"https:\/\/samhallsentreprenor.glokala.net\/she2\/wp-json\/wp\/v2\/media?parent=7823"}],"wp:term":[{"taxonomy":"category","embeddable":true,"href":"https:\/\/samhallsentreprenor.glokala.net\/she2\/wp-json\/wp\/v2\/categories?post=7823"},{"taxonomy":"post_tag","embeddable":true,"href":"https:\/\/samhallsentreprenor.glokala.net\/she2\/wp-json\/wp\/v2\/tags?post=7823"}],"curies":[{"name":"wp","href":"https:\/\/api.w.org\/{rel}","templated":true}]}}