{"id":7903,"date":"2020-06-01T11:01:09","date_gmt":"2020-06-01T09:01:09","guid":{"rendered":"https:\/\/samhallsentreprenor.glokala.net\/she2\/?p=7903"},"modified":"2020-06-09T14:46:54","modified_gmt":"2020-06-09T12:46:54","slug":"v-23-inspiration-och-kursens-avslutning","status":"publish","type":"post","link":"https:\/\/samhallsentreprenor.glokala.net\/she2\/2020\/06\/v-23-inspiration-och-kursens-avslutning\/","title":{"rendered":"v 23 Inspiration och kursens avslutning"},"content":{"rendered":"<p>Hej!<\/p>\n<p>En p\u00e5minnelse \u2013 var med och ge feedback till varandra f\u00f6r uppgiften <a href=\"https:\/\/samhallsentreprenor.glokala.net\/she2\/groups\/kursforum-2019-2020\/forum\/topic\/uppgift-mitt-sammanhang-nasta-steg-2\/\" target=\"_blank\" rel=\"noopener noreferrer\">Mitt sammanhang \u2013 n\u00e4sta steg, i kursforumet \u2192<\/a><\/p>\n<p>Vi n\u00e4rmar oss kursens slut 5 juni. Det finns fortsatt m\u00f6jlighet att boka in tid f\u00f6r att bolla utvecklingen i id\u00e9er\/initiativ hela v\u00e4gen fram till midsommar, h\u00f6r av dig i s\u00e5 fall!<br \/>\nDet finns ocks\u00e5 m\u00f6jlighet att komplettera eventuella uppgifter som \u00e4r kvar fr\u00e5n \u00e5ret efter kursens slut (vi mailar p\u00e5minnelse om det \u00e4r aktuellt).<\/p>\n<p>Materialet p\u00e5 den h\u00e4r plattformen kommer att finnas kvar, att \u00e5terv\u00e4nda till och inspireras av. Meddela oss om du vill ta bort din profil p\u00e5 kursplattformen, efter kursens slut. (L\u00e4s mer om hur vi hanterar dina personuppgifter som deltagare i kursen: <a href=\"https:\/\/docs.google.com\/document\/d\/1FvEKZV7Xr_3_jFPUNPw26FLQj2JcsyJEOqJsEqRZdc8\/edit?usp=sharing\" target=\"_blank\" rel=\"noreferrer noopener\">Information ang\u00e5ende Dataskyddsf\u00f6rordningen \u2192<\/a> )<\/p>\n<h2>Kursutv\u00e4rdering<\/h2>\n<p>Vi vill g\u00e4rna f\u00e5 input p\u00e5 hur du upplever att l\u00e4sa kursen. Samtidigt \u00e4r utv\u00e4rderingen en m\u00f6jlighet att reflektera \u00f6ver ditt eget l\u00e4rande genom kurs\u00e5ret.<\/p>\n<p>Svara h\u00e4r online: <a href=\"https:\/\/forms.gle\/1wUnARnUXov7ib3L7\" target=\"_blank\" rel=\"noopener noreferrer\">https:\/\/forms.gle\/1wUnARnUXov7ib3L7<\/a><\/p>\n<p>Svara s\u00e5 snart du har m\u00f6jlighet, senast 3 juni. Bortse ifr\u00e5n p\u00e5minnelsen om du redan har svarat.<\/p>\n<p>Utv\u00e4rderingen \u00e4r anonym, och vi kommer att bearbeta sammanst\u00e4llningen av svaren tillsammans med andra kollegor p\u00e5 Glokala de kommande veckorna i juni.<\/p>\n<p>Tack f\u00f6r din hj\u00e4lp!<\/p>\n<h2>Studieintyg\/kursintyg<\/h2>\n<p>Efter kursslut sammanst\u00e4ller vi intyg som kommer per post, maila din aktuella adress om du har flyttat under \u00e5ret.<\/p>\n<hr \/>\n<p>Den h\u00e4r veckan vill vi lyfta fram ett intressant webinar (kan \u00e4ven ses i efterhand) och ett samtal om m\u00f6jligheterna att t\u00e4nka strategiskt kring framtiden!<\/p>\n<p><strong>Delta live \/ se i efterhand:<\/strong><\/p>\n<h2><a href=\"https:\/\/digital-social-innovation.confetti.events\/\" target=\"_blank\" rel=\"noreferrer noopener\">Webinar 2 juni \/\/ Digital Social Innovation &amp; Collective Intelligence<\/a><\/h2>\n<p><img data-recalc-dims=\"1\" loading=\"lazy\" decoding=\"async\" class=\"alignright wp-image-7904 size-medium\" src=\"https:\/\/i0.wp.com\/samhallsentreprenor.glokala.net\/she2\/wp-content\/uploads\/2020\/06\/unnamed1.jpg?resize=400%2C400&#038;ssl=1\" alt=\"\" width=\"400\" height=\"400\" srcset=\"https:\/\/i0.wp.com\/samhallsentreprenor.glokala.net\/she2\/wp-content\/uploads\/2020\/06\/unnamed1.jpg?resize=400%2C400&amp;ssl=1 400w, https:\/\/i0.wp.com\/samhallsentreprenor.glokala.net\/she2\/wp-content\/uploads\/2020\/06\/unnamed1.jpg?resize=1024%2C1024&amp;ssl=1 1024w, https:\/\/i0.wp.com\/samhallsentreprenor.glokala.net\/she2\/wp-content\/uploads\/2020\/06\/unnamed1.jpg?resize=150%2C150&amp;ssl=1 150w, https:\/\/i0.wp.com\/samhallsentreprenor.glokala.net\/she2\/wp-content\/uploads\/2020\/06\/unnamed1.jpg?resize=768%2C768&amp;ssl=1 768w, https:\/\/i0.wp.com\/samhallsentreprenor.glokala.net\/she2\/wp-content\/uploads\/2020\/06\/unnamed1.jpg?resize=624%2C624&amp;ssl=1 624w, https:\/\/i0.wp.com\/samhallsentreprenor.glokala.net\/she2\/wp-content\/uploads\/2020\/06\/unnamed1.jpg?w=1200&amp;ssl=1 1200w\" sizes=\"auto, (max-width: 400px) 100vw, 400px\" \/><\/p>\n<p>Inspiration online 2 juni med Peter Baeck som jobbar p\u00e5 brittiska <a href=\"https:\/\/www.nesta.org.uk\/project\/centre-collective-intelligence-design\/\" target=\"_blank\" rel=\"noreferrer noopener\">Nesta med Collective Intelligence Design <\/a>\u2013 n\u00e5got som Geoff Mulgan ber\u00e4ttade om i <a href=\"https:\/\/samhallsentreprenor.glokala.net\/she2\/2020\/03\/framtiden-for-social-innovation-och-samhallsentreprenorskap\/\">videof\u00f6rel\u00e4sningen som vi tittade p\u00e5 tidigare under v\u00e5ren<\/a>.<\/p>\n<p><em>\u201cWelcome to a webinar where Peter Baeck shares his knowledge and perspectives on how human and machine intelligence can be combined to solve social challenges.\u201d<\/em><\/p>\n<p>Registrera dig h\u00e4r f\u00f6r att delta live 2 juni kl 11:00 \u2013 11:45: <a href=\"https:\/\/digital-social-innovation.confetti.events\/\" target=\"_blank\" rel=\"noreferrer noopener\">https:\/\/digital-social-innovation.confetti.events\/<\/a><br \/>\nArrang\u00f6r \u00e4r M\u00f6tesplats Social innovation.<\/p>\n<p>Finns att <a href=\"https:\/\/www.youtube.com\/watch?v=hg9oO1LeNC0\" target=\"_blank\" rel=\"noreferrer noopener\">se i efterhand<\/a> <a href=\"https:\/\/www.youtube.com\/watch?v=hg9oO1LeNC0\" target=\"_blank\" rel=\"noreferrer noopener\">h\u00e4r:<\/a><\/p>\n<p><iframe loading=\"lazy\" title=\"Digital Social Innovation \u2013 Peter Baeck, Head of Nesta\u2019s Centre for Collective Intelligence Design\" width=\"500\" height=\"281\" src=\"https:\/\/www.youtube.com\/embed\/hg9oO1LeNC0?feature=oembed\" frameborder=\"0\" allow=\"accelerometer; autoplay; clipboard-write; encrypted-media; gyroscope; picture-in-picture; web-share\" referrerpolicy=\"strict-origin-when-cross-origin\" allowfullscreen><\/iframe><\/p>\n<p>Peter Baecks presentation: <a href=\"https:\/\/socialinnovation.se\/wp-content\/uploads\/2020\/06\/Peter-Baeck-SI-Sweden.pdf\" target=\"_blank\" rel=\"noreferrer noopener\">https:\/\/socialinnovation.se\/wp-content\/uploads\/2020\/06\/Peter-Baeck-SI-Sweden.pdf<\/a><\/p>\n<hr \/>\n<p><strong>Lyssna:<\/strong><\/p>\n<h2><a href=\"http:\/\/vinnova.libsyn.com\/website\/avsnitt-12-gr-framtiden-att-frutsp\" target=\"_blank\" rel=\"noopener noreferrer\">Podd: G\u00e5r framtiden att f\u00f6rutsp\u00e5?<\/a><\/h2>\n<p><iframe loading=\"lazy\" style=\"border: none;\" src=\"\/\/html5-player.libsyn.com\/embed\/episode\/id\/14554406\/height\/90\/theme\/custom\/thumbnail\/yes\/direction\/forward\/render-playlist\/no\/custom-color\/000000\/\" width=\"100%\" height=\"90\" scrolling=\"no\" allowfullscreen=\"allowfullscreen\"><\/iframe><\/p>\n<p><a href=\"https:\/\/www.vinnova.se\/m\/inspiration-for-innovation\/innovation-en-podd-fran-vinnova\/avsnitt-12-gar-framtiden-att-forutspa\/\" target=\"_blank\" rel=\"noopener noreferrer\">Fr\u00e5n podden Innovation (Vinnova)<\/a>.<\/p>\n<p><a href=\"https:\/\/www.vinnova.se\/m\/inspiration-for-innovation\/innovation-en-podd-fran-vinnova\/avsnitt-12-gar-framtiden-att-forutspa\/\" target=\"_blank\" rel=\"noopener noreferrer\"><img data-recalc-dims=\"1\" loading=\"lazy\" decoding=\"async\" class=\"alignright\" src=\"https:\/\/i0.wp.com\/www.vinnova.se\/globalassets\/mikrosajter\/inspiration-om-innovation\/bilder\/vinn018_innovation_podd_12_webb_850x478.jpg?resize=391%2C220&#038;ssl=1\" alt=\"\" width=\"391\" height=\"220\" \/><\/a>\u00c4r det n\u00e5gon po\u00e4ng med att analysera framtiden n\u00e4r en pandemi pl\u00f6tsligt f\u00f6r\u00e4ndrar f\u00f6ruts\u00e4ttningarna?<\/p>\n<p>&#8221;Lyssna till ett samtal mellan Nicklas Bergman, serieentrepren\u00f6r, riskkapitalist och futurist och Anne Lidgard, som leder Vinnovas insatser f\u00f6r innovation i sm\u00e5 och medelstora f\u00f6retag.<\/p>\n<p>Vi h\u00f6r ocks\u00e5 Paulina Modlitba S\u00f6derlund, konsult inom innovation och aff\u00e4rsutveckling, som ber\u00e4ttar om de r\u00e5d hon ger till f\u00f6retag som vill f\u00f6rbereda sig f\u00f6r framtiden.&#8221;<\/p>\n<p>Bland annat ber\u00e4ttar Paulina Modlitba S\u00f6derlund om en konkret workshopmetod f\u00f6r att arbeta med framtidsscenarier, The Axes of Uncertainty. L\u00e4s en introduktion och steg-f\u00f6r-steg guide fr\u00e5n Amy Webb h\u00e4r: <a href=\"https:\/\/medium.com\/swlh\/how-futurists-cope-with-uncertainty-a4fbdff4b8c6\" target=\"_blank\" rel=\"noopener noreferrer\">How Futurists Cope With Uncertainty (Medium)<\/a><\/p>\n<p><strong>N\u00e4r du lyssnar:<\/strong><\/p>\n<ul>\n<li>Vad inspirerar?<\/li>\n<li>Finns det perspektiv som du saknar?<\/li>\n<li>Vilket typ av arbetsliv \u00e4r det som inkluderas n\u00e4r de t\u00e4nker kring hur teknik och utveckling f\u00f6r\u00e4ndrar hur vi arbetar?<\/li>\n<li>Kring 30 minuter in i samtalet n\u00e4mner Nicklas Bergman hur det vore \u00f6nskv\u00e4rt med en politisk samsyn kring hur teknikutvecklingen ser ut i omv\u00e4rlden (min tolkning), att &#8221;sl\u00e5 fast hur det \u00e4r i v\u00e4rlden&#8221;. \u00c4r det rimligt att t\u00e4nka sig en s\u00e5dan samsyn politiskt? Eller \u00e4r det tv\u00e4rtom \u00f6nskv\u00e4rt att det politiskt finns olika s\u00e4tt att f\u00f6rh\u00e5lla sig till teknikutvecklingen, som sp\u00e4nnvidd inom demokratins ramar?<\/li>\n<\/ul>\n<hr \/>\n<h2><strong>Tips f\u00f6r sommaren:<\/strong><\/h2>\n<p>Hoppas vi ses fram\u00f6ver i sp\u00e4nnande sammanhang, i <a href=\"https:\/\/samhallsentreprenor.glokala.net\/she2\/evenemang\/\" target=\"_blank\" rel=\"noopener noreferrer\">evenemangskalendern finns n\u00e5gra tips p\u00e5 evenemang<\/a>!<\/p>\n<div class=\"tiled-gallery type-rectangular tiled-gallery-unresized\" data-original-width=\"500\" data-carousel-extra='null' itemscope itemtype=\"http:\/\/schema.org\/ImageGallery\" > <div class=\"gallery-row\" style=\"width: 500px; height: 241px;\" data-original-width=\"500\" data-original-height=\"241\" > <div class=\"gallery-group images-1\" style=\"width: 241px; height: 241px;\" data-original-width=\"241\" data-original-height=\"241\" > <div class=\"tiled-gallery-item tiled-gallery-item-small\" itemprop=\"associatedMedia\" itemscope itemtype=\"http:\/\/schema.org\/ImageObject\"> <meta itemprop=\"width\" content=\"237\"> <meta itemprop=\"height\" content=\"237\"> <img decoding=\"async\" class=\"\" data-attachment-id=\"7905\" data-orig-file=\"https:\/\/samhallsentreprenor.glokala.net\/she2\/wp-content\/uploads\/2020\/06\/virtual_fest_June5.jpg\" data-orig-size=\"800,800\" data-comments-opened=\"1\" data-image-meta=\"{&quot;aperture&quot;:&quot;0&quot;,&quot;credit&quot;:&quot;&quot;,&quot;camera&quot;:&quot;&quot;,&quot;caption&quot;:&quot;&quot;,&quot;created_timestamp&quot;:&quot;0&quot;,&quot;copyright&quot;:&quot;&quot;,&quot;focal_length&quot;:&quot;0&quot;,&quot;iso&quot;:&quot;0&quot;,&quot;shutter_speed&quot;:&quot;0&quot;,&quot;title&quot;:&quot;&quot;,&quot;orientation&quot;:&quot;0&quot;}\" data-image-title=\"virtual_fest_June5\" data-image-description=\"\" data-medium-file=\"https:\/\/i0.wp.com\/samhallsentreprenor.glokala.net\/she2\/wp-content\/uploads\/2020\/06\/virtual_fest_June5.jpg?fit=400%2C400&#038;ssl=1\" data-large-file=\"https:\/\/i0.wp.com\/samhallsentreprenor.glokala.net\/she2\/wp-content\/uploads\/2020\/06\/virtual_fest_June5.jpg?fit=800%2C800&#038;ssl=1\" src=\"https:\/\/i0.wp.com\/samhallsentreprenor.glokala.net\/she2\/wp-content\/uploads\/2020\/06\/virtual_fest_June5.jpg?w=237&#038;h=237&#038;crop=1&#038;ssl=1\" srcset=\"https:\/\/i0.wp.com\/samhallsentreprenor.glokala.net\/she2\/wp-content\/uploads\/2020\/06\/virtual_fest_June5.jpg?w=800&amp;ssl=1 800w, https:\/\/i0.wp.com\/samhallsentreprenor.glokala.net\/she2\/wp-content\/uploads\/2020\/06\/virtual_fest_June5.jpg?resize=400%2C400&amp;ssl=1 400w, https:\/\/i0.wp.com\/samhallsentreprenor.glokala.net\/she2\/wp-content\/uploads\/2020\/06\/virtual_fest_June5.jpg?resize=150%2C150&amp;ssl=1 150w, https:\/\/i0.wp.com\/samhallsentreprenor.glokala.net\/she2\/wp-content\/uploads\/2020\/06\/virtual_fest_June5.jpg?resize=768%2C768&amp;ssl=1 768w, https:\/\/i0.wp.com\/samhallsentreprenor.glokala.net\/she2\/wp-content\/uploads\/2020\/06\/virtual_fest_June5.jpg?resize=624%2C624&amp;ssl=1 624w\" width=\"237\" height=\"237\" loading=\"lazy\" data-original-width=\"237\" data-original-height=\"237\" itemprop=\"http:\/\/schema.org\/image\" title=\"virtual_fest_June5\" alt=\"virtual_fest_June5\" style=\"width: 237px; height: 237px;\" \/> <\/div> <\/div> <!-- close group --> <div class=\"gallery-group images-1\" style=\"width: 259px; height: 241px;\" data-original-width=\"259\" data-original-height=\"241\" > <div class=\"tiled-gallery-item tiled-gallery-item-large\" itemprop=\"associatedMedia\" itemscope itemtype=\"http:\/\/schema.org\/ImageObject\"> <meta itemprop=\"width\" content=\"255\"> <meta itemprop=\"height\" content=\"237\"> <img decoding=\"async\" class=\"\" data-attachment-id=\"7906\" data-orig-file=\"https:\/\/samhallsentreprenor.glokala.net\/she2\/wp-content\/uploads\/2020\/06\/Screenshot_2020-05-18-World-Localization-Day.png\" data-orig-size=\"980,914\" data-comments-opened=\"1\" data-image-meta=\"{&quot;aperture&quot;:&quot;0&quot;,&quot;credit&quot;:&quot;&quot;,&quot;camera&quot;:&quot;&quot;,&quot;caption&quot;:&quot;&quot;,&quot;created_timestamp&quot;:&quot;0&quot;,&quot;copyright&quot;:&quot;&quot;,&quot;focal_length&quot;:&quot;0&quot;,&quot;iso&quot;:&quot;0&quot;,&quot;shutter_speed&quot;:&quot;0&quot;,&quot;title&quot;:&quot;&quot;,&quot;orientation&quot;:&quot;0&quot;}\" data-image-title=\"Screenshot_2020-05-18 World Localization Day\" data-image-description=\"\" data-medium-file=\"https:\/\/i0.wp.com\/samhallsentreprenor.glokala.net\/she2\/wp-content\/uploads\/2020\/06\/Screenshot_2020-05-18-World-Localization-Day.png?fit=400%2C373&#038;ssl=1\" data-large-file=\"https:\/\/i0.wp.com\/samhallsentreprenor.glokala.net\/she2\/wp-content\/uploads\/2020\/06\/Screenshot_2020-05-18-World-Localization-Day.png?fit=980%2C914&#038;ssl=1\" src=\"https:\/\/i0.wp.com\/samhallsentreprenor.glokala.net\/she2\/wp-content\/uploads\/2020\/06\/Screenshot_2020-05-18-World-Localization-Day.png?w=255&#038;h=237&#038;ssl=1\" srcset=\"https:\/\/i0.wp.com\/samhallsentreprenor.glokala.net\/she2\/wp-content\/uploads\/2020\/06\/Screenshot_2020-05-18-World-Localization-Day.png?w=980&amp;ssl=1 980w, https:\/\/i0.wp.com\/samhallsentreprenor.glokala.net\/she2\/wp-content\/uploads\/2020\/06\/Screenshot_2020-05-18-World-Localization-Day.png?resize=400%2C373&amp;ssl=1 400w, https:\/\/i0.wp.com\/samhallsentreprenor.glokala.net\/she2\/wp-content\/uploads\/2020\/06\/Screenshot_2020-05-18-World-Localization-Day.png?resize=768%2C716&amp;ssl=1 768w, https:\/\/i0.wp.com\/samhallsentreprenor.glokala.net\/she2\/wp-content\/uploads\/2020\/06\/Screenshot_2020-05-18-World-Localization-Day.png?resize=624%2C582&amp;ssl=1 624w\" width=\"255\" height=\"237\" loading=\"lazy\" data-original-width=\"255\" data-original-height=\"237\" itemprop=\"http:\/\/schema.org\/image\" title=\"Screenshot_2020-05-18 World Localization Day\" alt=\"Screenshot_2020-05-18 World Localization Day\" style=\"width: 255px; height: 237px;\" \/> <\/div> <\/div> <!-- close group --> <\/div> <!-- close row --> <\/div>\n<p><em>Under veckan kommer ocks\u00e5 en sommarh\u00e4lsning fr\u00e5n oss pedagoger!<\/em><\/p>\n","protected":false},"excerpt":{"rendered":"<p>Hej! En p\u00e5minnelse \u2013 var med och ge feedback till varandra f\u00f6r uppgiften Mitt sammanhang \u2013 n\u00e4sta steg, i kursforumet \u2192 Vi n\u00e4rmar oss kursens slut 5 juni. Det finns fortsatt m\u00f6jlighet att boka in tid f\u00f6r att bolla utvecklingen i id\u00e9er\/initiativ hela v\u00e4gen fram till midsommar, h\u00f6r av dig i s\u00e5 fall! Det finns [&hellip;]<\/p>\n","protected":false},"author":1001021,"featured_media":0,"comment_status":"open","ping_status":"open","sticky":false,"template":"","format":"standard","meta":{"_bbp_topic_count":0,"_bbp_reply_count":0,"_bbp_total_topic_count":0,"_bbp_total_reply_count":0,"_bbp_voice_count":0,"_bbp_anonymous_reply_count":0,"_bbp_topic_count_hidden":0,"_bbp_reply_count_hidden":0,"_bbp_forum_subforum_count":0,"_jetpack_memberships_contains_paid_content":false,"footnotes":""},"categories":[18,141],"tags":[687,617,686,685,10,688],"class_list":["post-7903","post","type-post","status-publish","format-standard","hentry","category-inspiration","category-kursmoment","tag-collective-intelligence-design","tag-framtid","tag-framtidsscenarier","tag-futurism","tag-samhallsentreprenorskap","tag-the-axes-of-uncertainty"],"jetpack_featured_media_url":"","jetpack_sharing_enabled":true,"_links":{"self":[{"href":"https:\/\/samhallsentreprenor.glokala.net\/she2\/wp-json\/wp\/v2\/posts\/7903","targetHints":{"allow":["GET"]}}],"collection":[{"href":"https:\/\/samhallsentreprenor.glokala.net\/she2\/wp-json\/wp\/v2\/posts"}],"about":[{"href":"https:\/\/samhallsentreprenor.glokala.net\/she2\/wp-json\/wp\/v2\/types\/post"}],"author":[{"embeddable":true,"href":"https:\/\/samhallsentreprenor.glokala.net\/she2\/wp-json\/wp\/v2\/users\/1001021"}],"replies":[{"embeddable":true,"href":"https:\/\/samhallsentreprenor.glokala.net\/she2\/wp-json\/wp\/v2\/comments?post=7903"}],"version-history":[{"count":6,"href":"https:\/\/samhallsentreprenor.glokala.net\/she2\/wp-json\/wp\/v2\/posts\/7903\/revisions"}],"predecessor-version":[{"id":7942,"href":"https:\/\/samhallsentreprenor.glokala.net\/she2\/wp-json\/wp\/v2\/posts\/7903\/revisions\/7942"}],"wp:attachment":[{"href":"https:\/\/samhallsentreprenor.glokala.net\/she2\/wp-json\/wp\/v2\/media?parent=7903"}],"wp:term":[{"taxonomy":"category","embeddable":true,"href":"https:\/\/samhallsentreprenor.glokala.net\/she2\/wp-json\/wp\/v2\/categories?post=7903"},{"taxonomy":"post_tag","embeddable":true,"href":"https:\/\/samhallsentreprenor.glokala.net\/she2\/wp-json\/wp\/v2\/tags?post=7903"}],"curies":[{"name":"wp","href":"https:\/\/api.w.org\/{rel}","templated":true}]}}