{"id":843,"date":"2012-09-20T01:29:32","date_gmt":"2012-09-19T23:29:32","guid":{"rendered":"http:\/\/she2.glokala.se\/?p=843"},"modified":"2012-09-20T02:16:00","modified_gmt":"2012-09-20T00:16:00","slug":"veckans-inspiration-fran-andra-sidan-havet","status":"publish","type":"post","link":"https:\/\/samhallsentreprenor.glokala.net\/she2\/2012\/09\/veckans-inspiration-fran-andra-sidan-havet\/","title":{"rendered":"Veckans inspiration &#8211; Fr\u00e5n andra sidan havet"},"content":{"rendered":"<p>Jag har som ansvar att denna vecka att l\u00e4gga upp ett inl\u00e4gg h\u00e4r p\u00e5 bloggen och d\u00e5 kan det inte handla om n\u00e5got annat \u00e4n det h\u00e4r. Jag befinner mig sedan i l\u00f6rdags i Quer\u00e9taro, en stad bel\u00e4gen i centrala Mexiko. Bara n\u00e5gra timmar norrut h\u00e4rifr\u00e5n utspelar sig en kamp mellan ursprungsbefolkningen Huichol, eller Wix\u00e1rika som de kallar sig sj\u00e4lva, och den mexikanska staten. Det kanadensiska gruvbolaget First Majestic Silver Corp. ska ha blivit lovade av den Mexikanska staten att f\u00e5 tillg\u00e5ng till 6000 hektar, ca 70%, av ett omr\u00e5de kallat Wirikuta, en av de viktigaste heliga platserna f\u00f6r Huicholfolket, h\u00e4r ska solen ha stigit upp f\u00f6r f\u00f6rsta g\u00e5ngen och i Wirikutas jord v\u00e4xer den heliga och hotade peyotekaktusen.<\/p>\n<p>Sedan planerna blev offentliggjorda har Huicholfolket g\u00e5tt samman och f\u00e5tt till st\u00e5nd demonstrationer och f\u00e5tt media att intressera sig f\u00f6r konflikten. De har f\u00e5tt st\u00f6d fr\u00e5n m\u00e5nga h\u00e5ll, fr\u00e5n andra urspungsbefolkningsgrupper, fr\u00e5n konstn\u00e4rer, aktivister och organisationer som uppskattar v\u00e4rdet av Huicholfolkets ur\u00e5ldriga kunskap och kontrakulturella redskap, f\u00f6r dem sj\u00e4lva och resten av v\u00e4rlden. Men folk man pratar med h\u00e4r \u00e4r inte optimistiska, det \u00e4r stora pengar som \u00e4r inblandade och de som har pengarna p\u00e5 sin sida brukar oftast vinna. F\u00f6r Huicholfolket sj\u00e4lva handlar det dock inte om silver eller dollar, utan om hela universums underg\u00e5ng ifall deras kosmiska portal p\u00e5 Wirikutaberget f\u00f6rst\u00f6rs.<\/p>\n<p>Ni kan l\u00e4sa mer om detta i l\u00e4nkarna som f\u00f6ljer nedan. Jag l\u00e4nkar \u00e4ven till en trailer till en dokument\u00e4r om Huichol och deras kamp. Den sl\u00e4pps inte f\u00f6rr\u00e4n tidigast i november, men det finns \u00e4ven en 20-minuters teaser f\u00f6r den som vill se mer.<\/p>\n<p>Hur argumenterar man det livsn\u00f6dv\u00e4ndiga i att bevara denna ur\u00e5ldriga kultur, denna viktiga kunskap n\u00e4r den st\u00e4lls mot ekonomisk vinning och tillv\u00e4xt eller mot en fattig lokalbefolkning i behov av arbete?<\/p>\n<p>Jag planerar nu en resa till regionen och Real de Catorce, s\u00e5 antagligen kommer jag publicera en uppf\u00f6ljare p\u00e5 detta inl\u00e4gg efter min vistelse d\u00e4r. Real de Catorce ska ha blivit till en samlingspunkt f\u00f6r m\u00e4nniskor som p\u00e5 olika s\u00e4tt vill st\u00f6dja Huicholfolket i deras kamp och jag \u00e5ker dit f\u00f6r att f\u00e5 mer kunskap kring konflikten och f\u00f6r att se om jag p\u00e5 n\u00e5got vis kan vara till hj\u00e4lp. Om ni har tips p\u00e5 organisationer eller liknande som kan ha intresse av att lyfta den h\u00e4r konflikten s\u00e5 meddela mig g\u00e4rna!<\/p>\n<p>\/Sara \u00d6stebro<\/p>\n<p><a href=\"http:\/\/www.aljazeera.com\/indepth\/features\/2011\/10\/20111027125212764306.html\" target=\"_blank\">\u00a0Battle for &#8217;birthplace of the sun&#8217; in Mexico<\/a><\/p>\n<p><a href=\"http:\/\/frenteendefensadewirikuta.org\/wirikuta-en-bk\/?p=1046\" target=\"_blank\">What is Wirikuta?<\/a><\/p>\n<p><a href=\"https:\/\/www.youtube.com\/watch?v=f1iddVBOXaM\" target=\"_blank\">Wirikuta Statement<\/a><\/p>\n<p><a href=\"http:\/\/www.huicholesfilm.com\/\" target=\"_blank\">Huicholes &#8211; The Last Peyote Guardians<\/a><\/p>\n","protected":false},"excerpt":{"rendered":"<p>Jag har som ansvar att denna vecka att l\u00e4gga upp ett inl\u00e4gg h\u00e4r p\u00e5 bloggen och d\u00e5 kan det inte handla om n\u00e5got annat \u00e4n det h\u00e4r. Jag befinner mig sedan i l\u00f6rdags i Quer\u00e9taro, en stad bel\u00e4gen i centrala Mexiko. Bara n\u00e5gra timmar norrut h\u00e4rifr\u00e5n utspelar sig en kamp mellan ursprungsbefolkningen Huichol, eller Wix\u00e1rika [&hellip;]<\/p>\n","protected":false},"author":15,"featured_media":0,"comment_status":"open","ping_status":"open","sticky":false,"template":"","format":"standard","meta":{"_bbp_topic_count":0,"_bbp_reply_count":0,"_bbp_total_topic_count":0,"_bbp_total_reply_count":0,"_bbp_voice_count":0,"_bbp_anonymous_reply_count":0,"_bbp_topic_count_hidden":0,"_bbp_reply_count_hidden":0,"_bbp_forum_subforum_count":0,"_jetpack_memberships_contains_paid_content":false,"footnotes":""},"categories":[18],"tags":[],"class_list":["post-843","post","type-post","status-publish","format-standard","hentry","category-inspiration"],"jetpack_featured_media_url":"","jetpack_sharing_enabled":true,"_links":{"self":[{"href":"https:\/\/samhallsentreprenor.glokala.net\/she2\/wp-json\/wp\/v2\/posts\/843","targetHints":{"allow":["GET"]}}],"collection":[{"href":"https:\/\/samhallsentreprenor.glokala.net\/she2\/wp-json\/wp\/v2\/posts"}],"about":[{"href":"https:\/\/samhallsentreprenor.glokala.net\/she2\/wp-json\/wp\/v2\/types\/post"}],"author":[{"embeddable":true,"href":"https:\/\/samhallsentreprenor.glokala.net\/she2\/wp-json\/wp\/v2\/users\/15"}],"replies":[{"embeddable":true,"href":"https:\/\/samhallsentreprenor.glokala.net\/she2\/wp-json\/wp\/v2\/comments?post=843"}],"version-history":[{"count":7,"href":"https:\/\/samhallsentreprenor.glokala.net\/she2\/wp-json\/wp\/v2\/posts\/843\/revisions"}],"predecessor-version":[{"id":850,"href":"https:\/\/samhallsentreprenor.glokala.net\/she2\/wp-json\/wp\/v2\/posts\/843\/revisions\/850"}],"wp:attachment":[{"href":"https:\/\/samhallsentreprenor.glokala.net\/she2\/wp-json\/wp\/v2\/media?parent=843"}],"wp:term":[{"taxonomy":"category","embeddable":true,"href":"https:\/\/samhallsentreprenor.glokala.net\/she2\/wp-json\/wp\/v2\/categories?post=843"},{"taxonomy":"post_tag","embeddable":true,"href":"https:\/\/samhallsentreprenor.glokala.net\/she2\/wp-json\/wp\/v2\/tags?post=843"}],"curies":[{"name":"wp","href":"https:\/\/api.w.org\/{rel}","templated":true}]}}